{"id":26509,"date":"2011-12-23T00:00:00","date_gmt":"2011-12-23T02:00:00","guid":{"rendered":"https:\/\/www.zecadirceu.com.br\/ligacoes-de-fixo-para-movel-custarao-ate-21-menos\/"},"modified":"2011-12-23T00:00:00","modified_gmt":"2011-12-23T02:00:00","slug":"ligacoes-de-fixo-para-movel-custarao-ate-21-menos","status":"publish","type":"post","link":"https:\/\/teste.bsb.br\/zeca\/ligacoes-de-fixo-para-movel-custarao-ate-21-menos\/","title":{"rendered":"Liga\u00e7\u00f5es de fixo para m\u00f3vel custar\u00e3o at\u00e9 21% menos"},"content":{"rendered":"<p>&nbsp;A Ag&ecirc;ncia Nacional de Telecomunica&ccedil;&otilde;es (Anatel) decidiu reduzir os pre&ccedil;os das liga&ccedil;&otilde;es de telefone fixo para m&oacute;vel em at&eacute; 21% at&eacute; 2012. Hoje, a tarifa cobrada &eacute; de R$ 0,54, com repasse de R$ 0,12 para as prestadoras fixas e R$ 0,42 para as m&oacute;veis.<\/p>\n<p class=\"MsoNormal\"><o:p><\/o:p><\/p>\n<p class=\"MsoNormal\">A redu&ccedil;&atilde;o incidir&aacute; sobre o valor repassado &agrave;s operadoras m&oacute;veis, pois com o grande crescimento da telefonia m&oacute;vel no Brasil, que j&aacute; registra cerca de 230 milh&otilde;es de aparelhos, tornou se necess&aacute;rio um ajuste nos valores repassados &agrave;s operadoras.&nbsp; Essa redu&ccedil;&atilde;o proporcionar&aacute; uma economia de cerca de R$ 1 bilh&atilde;o ao ano para os usu&aacute;rios da telefonia fixa nas liga&ccedil;&otilde;es fixo-m&oacute;vel.Hoje existem 230 milh&otilde;es de aparelhos celulares em uso pela popula&ccedil;&atilde;o.<o:p><\/o:p><\/p>\n<p class=\"MsoNormal\"><i>Metas para melhoria da telefonia fixa devem ser cumpridas at&eacute; 2015<o:p><\/o:p><\/i><\/p>\n<p class=\"MsoNormal\">Os objetivos do Plano Geral de Metas de Universaliza&ccedil;&atilde;o (PGMU), em vigor desde junho de 2011, devem ser cumpridos pelas concession&aacute;rias de telefonia fixa at&eacute; 2015. As assinaturas para a popula&ccedil;&atilde;o de baixa renda devem crescer, porque o PGMU manteve e ampliou a cobertura do Aice (Acesso Individual de Classe Especial) como obriga&ccedil;&atilde;o para as operadoras. <o:p><\/o:p><\/p>\n<p class=\"MsoNormal\">O Aice deve atender a quem fizer parte do Cadastro &Uacute;nico para Programas Sociais do governo. Hoje s&atilde;o 42,5 milh&otilde;es de acessos de telefonia fixa em todo o Pa&iacute;s, mais de um milh&atilde;o de telefones p&uacute;blicos e 148,6 mil assinaturas especiais para a popula&ccedil;&atilde;o de baixa renda.<o:p><\/o:p><\/p>\n<p class=\"MsoNormal\">Orelh&otilde;es &#8211; O plano estabelece que as operadoras locais devem ativar telefones p&uacute;blicos em quantidade suficiente para assegurar uma densidade de quatro aparelhos para cada mil habitantes. O n&uacute;mero de &ldquo;orelh&otilde;es&rdquo; deve ser atualizado seis meses ap&oacute;s o Instituto Brasileiro de Geografia e Estat&iacute;stica (IBGE) divulgar atualiza&ccedil;&otilde;es dos dados populacionais. As regras determinam que ao menos metade dos telefones p&uacute;blicos esteja dispon&iacute;vel em locais de livre acesso, por 24 horas. Localidades com mais de 100 habitantes devem contar com pelo menos um orelh&atilde;o instalado em local acess&iacute;vel e dispon&iacute;vel 24h por dia.<o:p><\/o:p><\/p>\n<p class=\"MsoNormal\">A popula&ccedil;&atilde;o tem a possibilidade de solicitar servi&ccedil;os de acordo com suas necessidades, segundo o PGMU. O plano prev&ecirc; que, por solicita&ccedil;&atilde;o, as empresas tamb&eacute;m devem instalar telefones p&uacute;blicos em escolas, institui&ccedil;&otilde;es de sa&uacute;de, &oacute;rg&atilde;os de seguran&ccedil;a p&uacute;blica e demais entidades governamentais. <o:p><\/o:p><\/p>\n<p class=\"MsoNormal\">Moradores podem pedir para instalar orelh&otilde;es adaptados para pessoas com defici&ecirc;ncia. O PGMU prev&ecirc; que pelo menos 2,5% dos telefones p&uacute;blicos sejam adaptados para cada tipo de defici&ecirc;ncia (auditiva, de fala ou de locomo&ccedil;&atilde;o). O PGMU exige tamb&eacute;m que 100% dos telefones p&uacute;blicos estejam adaptados para pessoas com defici&ecirc;ncia visual.&nbsp;&nbsp; <o:p><\/o:p><\/p>\n<p class=\"MsoNormal\">Nas localidades com mais de 300 habitantes, as concession&aacute;rias devem oferecer acessos individuais. A comunidade pode demandar o atendimento e o prazo para atendimento ser&aacute; de sete dias a partir do recebimento do pedido.<\/p>\n<p class=\"MsoNormal\">Secom<\/p>\n","protected":false},"excerpt":{"rendered":"<p>A Ag\u00eancia Nacional de Telecomunica\u00e7\u00f5es (Anatel) decidiu reduzir os pre\u00e7os das liga\u00e7\u00f5es de telefone fixo para m\u00f3vel em at\u00e9 21% at\u00e9 2012. Hoje, a tarifa cobrada \u00e9 de R$ 0,54, com repasse de R$ 0,12 para as prestadoras fixas e R$ 0,42 para as m\u00f3veis.<\/p>\n","protected":false},"author":1,"featured_media":26508,"comment_status":"open","ping_status":"open","sticky":false,"template":"","format":"standard","meta":{"footnotes":""},"categories":[1],"tags":[5987],"class_list":["post-26509","post","type-post","status-publish","format-standard","has-post-thumbnail","hentry","category-noticias-zeca-dirceu","tag-ligacoes-de-fixo-para-movel-custarao-ate-21-menos"],"_links":{"self":[{"href":"https:\/\/teste.bsb.br\/zeca\/wp-json\/wp\/v2\/posts\/26509","targetHints":{"allow":["GET"]}}],"collection":[{"href":"https:\/\/teste.bsb.br\/zeca\/wp-json\/wp\/v2\/posts"}],"about":[{"href":"https:\/\/teste.bsb.br\/zeca\/wp-json\/wp\/v2\/types\/post"}],"author":[{"embeddable":true,"href":"https:\/\/teste.bsb.br\/zeca\/wp-json\/wp\/v2\/users\/1"}],"replies":[{"embeddable":true,"href":"https:\/\/teste.bsb.br\/zeca\/wp-json\/wp\/v2\/comments?post=26509"}],"version-history":[{"count":0,"href":"https:\/\/teste.bsb.br\/zeca\/wp-json\/wp\/v2\/posts\/26509\/revisions"}],"wp:featuredmedia":[{"embeddable":true,"href":"https:\/\/teste.bsb.br\/zeca\/wp-json\/wp\/v2\/media\/26508"}],"wp:attachment":[{"href":"https:\/\/teste.bsb.br\/zeca\/wp-json\/wp\/v2\/media?parent=26509"}],"wp:term":[{"taxonomy":"category","embeddable":true,"href":"https:\/\/teste.bsb.br\/zeca\/wp-json\/wp\/v2\/categories?post=26509"},{"taxonomy":"post_tag","embeddable":true,"href":"https:\/\/teste.bsb.br\/zeca\/wp-json\/wp\/v2\/tags?post=26509"}],"curies":[{"name":"wp","href":"https:\/\/api.w.org\/{rel}","templated":true}]}}