{"id":26487,"date":"2011-12-23T00:00:00","date_gmt":"2011-12-23T02:00:00","guid":{"rendered":"https:\/\/www.zecadirceu.com.br\/zeca-dirceu-destina-emenda-para-o-hospital-erasto-gaertner\/"},"modified":"2011-12-23T00:00:00","modified_gmt":"2011-12-23T02:00:00","slug":"zeca-dirceu-destina-emenda-para-o-hospital-erasto-gaertner","status":"publish","type":"post","link":"https:\/\/teste.bsb.br\/zeca\/zeca-dirceu-destina-emenda-para-o-hospital-erasto-gaertner\/","title":{"rendered":"Zeca Dirceu destina emenda para o Hospital Erasto Gaertner"},"content":{"rendered":"<p>&nbsp;<span style=\"font-size: 10pt; font-family: 'Times New Roman'; text-align: justify; \">O deputado federal Zeca Dirceu visitou nesta segunda-feira (19 de dezembro) o Hospital Erasto Gaertner para oficializar a destina&ccedil;&atilde;o de uma emenda parlamentar no valor de 100 mil reais. O dinheiro ser&aacute; utilizado para compra de equipamentos.<\/span><\/p>\n<div style=\"font-family: 'Times New Roman'; font-size: 10px; text-align: justify; \">&nbsp;<\/div>\n<div style=\"font-family: 'Times New Roman'; font-size: 10px; text-align: justify; \"><span style=\"font-size: 10pt; \">O deputado foi recebido pelo superintendente do Erasto Gaertner, Dr. Jos&eacute; Clemente&nbsp;Linhares, e pelo assessor&nbsp;de rela&ccedil;&otilde;es institucionais, M&aacute;rio Bosso. O&nbsp;parlamentar&nbsp;se comprometeu a representar o Hospital em Bras&iacute;lia, apoiando reivindica&ccedil;&otilde;es junto ao Minist&eacute;rio da Sa&uacute;de.<\/p>\n<p>Hospital Erasto Gaertner<br type=\"_moz\" \/><br \/>\n<\/span><\/div>\n","protected":false},"excerpt":{"rendered":"<p>O deputado federal Zeca Dirceu visitou nesta segunda-feira (19 de dezembro) o Hospital Erasto Gaertner para oficializar a destina\u00e7\u00e3o de uma emenda parlamentar no valor de 100 mil reais. O dinheiro ser\u00e1 utilizado para compra de equipamentos.<\/p>\n","protected":false},"author":1,"featured_media":26486,"comment_status":"open","ping_status":"open","sticky":false,"template":"","format":"standard","meta":{"footnotes":""},"categories":[1],"tags":[5979],"class_list":["post-26487","post","type-post","status-publish","format-standard","has-post-thumbnail","hentry","category-noticias-zeca-dirceu","tag-zeca-dirceu-destina-emenda-para-o-hospital"],"_links":{"self":[{"href":"https:\/\/teste.bsb.br\/zeca\/wp-json\/wp\/v2\/posts\/26487","targetHints":{"allow":["GET"]}}],"collection":[{"href":"https:\/\/teste.bsb.br\/zeca\/wp-json\/wp\/v2\/posts"}],"about":[{"href":"https:\/\/teste.bsb.br\/zeca\/wp-json\/wp\/v2\/types\/post"}],"author":[{"embeddable":true,"href":"https:\/\/teste.bsb.br\/zeca\/wp-json\/wp\/v2\/users\/1"}],"replies":[{"embeddable":true,"href":"https:\/\/teste.bsb.br\/zeca\/wp-json\/wp\/v2\/comments?post=26487"}],"version-history":[{"count":0,"href":"https:\/\/teste.bsb.br\/zeca\/wp-json\/wp\/v2\/posts\/26487\/revisions"}],"wp:featuredmedia":[{"embeddable":true,"href":"https:\/\/teste.bsb.br\/zeca\/wp-json\/wp\/v2\/media\/26486"}],"wp:attachment":[{"href":"https:\/\/teste.bsb.br\/zeca\/wp-json\/wp\/v2\/media?parent=26487"}],"wp:term":[{"taxonomy":"category","embeddable":true,"href":"https:\/\/teste.bsb.br\/zeca\/wp-json\/wp\/v2\/categories?post=26487"},{"taxonomy":"post_tag","embeddable":true,"href":"https:\/\/teste.bsb.br\/zeca\/wp-json\/wp\/v2\/tags?post=26487"}],"curies":[{"name":"wp","href":"https:\/\/api.w.org\/{rel}","templated":true}]}}