{"id":26472,"date":"2011-12-25T00:00:00","date_gmt":"2011-12-25T02:00:00","guid":{"rendered":"https:\/\/www.zecadirceu.com.br\/feliz-natal\/"},"modified":"2011-12-25T00:00:00","modified_gmt":"2011-12-25T02:00:00","slug":"feliz-natal","status":"publish","type":"post","link":"https:\/\/teste.bsb.br\/zeca\/feliz-natal\/","title":{"rendered":"Feliz Natal !"},"content":{"rendered":"<p><span style=\"color: rgb(69, 69, 69); font-family: Georgia, Tahoma, Arial; font-size: 15px; line-height: 25px; background-color: rgb(251, 252, 255); \">Neste dia t&atilde;o especial, em que comemoramos o Natal, quero desejar a todos muita sa&uacute;de, prosperidade e esperan&ccedil;a no futuro. Obrigado a todos que neste ano de 2011 me acompanharam e me fortaleceram, neste primeiro ano de mandato como deputado federal.<\/span><br style=\"text-decoration: none; list-style-type: none; list-style-position: initial; list-style-image: initial; padding-top: 0px; padding-right: 0px; padding-bottom: 0px; padding-left: 0px; color: rgb(69, 69, 69); font-family: Georgia, Tahoma, Arial; font-size: 15px; line-height: 25px; background-color: rgb(251, 252, 255); \" \/><br \/>\n<span style=\"color: rgb(69, 69, 69); font-family: Georgia, Tahoma, Arial; font-size: 15px; line-height: 25px; background-color: rgb(251, 252, 255); \">Boas festas e bom descanso a todos!&nbsp;<\/span><\/p>\n","protected":false},"excerpt":{"rendered":"<p>Neste dia t\u00e3o especial, em que comemoramos o Natal, quero desejar a todos muita sa\u00fade, prosperidade e esperan\u00e7a no futuro. Obrigado a todos que neste ano de 2011 me acompanharam e me fortaleceram, neste primeiro ano de mandato como deputado federal.<br \/>\nBoas festas e bom descanso a todos!<\/p>\n","protected":false},"author":1,"featured_media":26471,"comment_status":"open","ping_status":"open","sticky":false,"template":"","format":"standard","meta":{"footnotes":""},"categories":[1],"tags":[5973],"class_list":["post-26472","post","type-post","status-publish","format-standard","has-post-thumbnail","hentry","category-noticias-zeca-dirceu","tag-feliz-ntal"],"_links":{"self":[{"href":"https:\/\/teste.bsb.br\/zeca\/wp-json\/wp\/v2\/posts\/26472","targetHints":{"allow":["GET"]}}],"collection":[{"href":"https:\/\/teste.bsb.br\/zeca\/wp-json\/wp\/v2\/posts"}],"about":[{"href":"https:\/\/teste.bsb.br\/zeca\/wp-json\/wp\/v2\/types\/post"}],"author":[{"embeddable":true,"href":"https:\/\/teste.bsb.br\/zeca\/wp-json\/wp\/v2\/users\/1"}],"replies":[{"embeddable":true,"href":"https:\/\/teste.bsb.br\/zeca\/wp-json\/wp\/v2\/comments?post=26472"}],"version-history":[{"count":0,"href":"https:\/\/teste.bsb.br\/zeca\/wp-json\/wp\/v2\/posts\/26472\/revisions"}],"wp:featuredmedia":[{"embeddable":true,"href":"https:\/\/teste.bsb.br\/zeca\/wp-json\/wp\/v2\/media\/26471"}],"wp:attachment":[{"href":"https:\/\/teste.bsb.br\/zeca\/wp-json\/wp\/v2\/media?parent=26472"}],"wp:term":[{"taxonomy":"category","embeddable":true,"href":"https:\/\/teste.bsb.br\/zeca\/wp-json\/wp\/v2\/categories?post=26472"},{"taxonomy":"post_tag","embeddable":true,"href":"https:\/\/teste.bsb.br\/zeca\/wp-json\/wp\/v2\/tags?post=26472"}],"curies":[{"name":"wp","href":"https:\/\/api.w.org\/{rel}","templated":true}]}}