{"id":26462,"date":"2011-12-26T00:00:00","date_gmt":"2011-12-26T02:00:00","guid":{"rendered":"https:\/\/www.zecadirceu.com.br\/a-radio-camara-zeca-dirceu-fala-da-diversidade-cultural-e-espirito-acolhedor-do-parana\/"},"modified":"2011-12-26T00:00:00","modified_gmt":"2011-12-26T02:00:00","slug":"a-radio-camara-zeca-dirceu-fala-da-diversidade-cultural-e-espirito-acolhedor-do-parana","status":"publish","type":"post","link":"https:\/\/teste.bsb.br\/zeca\/a-radio-camara-zeca-dirceu-fala-da-diversidade-cultural-e-espirito-acolhedor-do-parana\/","title":{"rendered":"\u00c0 R\u00e1dio C\u00e2mara, Zeca Dirceu fala da diversidade cultural e esp\u00edrito acolhedor do Paran\u00e1"},"content":{"rendered":"<p>O Noroeste do Paran&aacute; &eacute; o destino. Quem falou ao programa &quot;Coisas da   Minha Terra&quot; e nos apresentou este rico  estado foi o deputado petista   Zeca Dirceu, do PT. Nascido em Umuarama, o  parlamentar exalta as   belezas naturais de sua regi&atilde;o, que abriga parques  nacionais e belos   rios, como o Rio Paran&aacute;. Para o deputado, a presen&ccedil;a  de imigrantes,   como os italianos, alem&atilde;es e japoneses ajudaram a  construir a   diversidade cultural. \t\t\t\t\t\t\t\t<\/p>\n<p>A trilha sonora &eacute; da Banda Garraf&atilde;o, de Graciosa.<\/p>\n<p>Ou&ccedil;a o programa na &iacute;ntegra!<\/p>\n","protected":false},"excerpt":{"rendered":"<p>O Noroeste do Paran\u00e1 \u00e9 o destino. Quem falou ao programa &#8220;Coisas da Minha Terra&#8221; e nos apresentou este rico estado foi o deputado petista Zeca Dirceu, do PT. Nascido em Umuarama, o parlamentar exalta as belezas naturais de sua regi\u00e3o, que abriga parques nacionais e belos rios, como o Rio Paran\u00e1.<\/p>\n","protected":false},"author":1,"featured_media":26461,"comment_status":"open","ping_status":"open","sticky":false,"template":"","format":"standard","meta":{"footnotes":""},"categories":[1],"tags":[5968],"class_list":["post-26462","post","type-post","status-publish","format-standard","has-post-thumbnail","hentry","category-noticias-zeca-dirceu","tag-coisas-da-minha-terra"],"_links":{"self":[{"href":"https:\/\/teste.bsb.br\/zeca\/wp-json\/wp\/v2\/posts\/26462","targetHints":{"allow":["GET"]}}],"collection":[{"href":"https:\/\/teste.bsb.br\/zeca\/wp-json\/wp\/v2\/posts"}],"about":[{"href":"https:\/\/teste.bsb.br\/zeca\/wp-json\/wp\/v2\/types\/post"}],"author":[{"embeddable":true,"href":"https:\/\/teste.bsb.br\/zeca\/wp-json\/wp\/v2\/users\/1"}],"replies":[{"embeddable":true,"href":"https:\/\/teste.bsb.br\/zeca\/wp-json\/wp\/v2\/comments?post=26462"}],"version-history":[{"count":0,"href":"https:\/\/teste.bsb.br\/zeca\/wp-json\/wp\/v2\/posts\/26462\/revisions"}],"wp:featuredmedia":[{"embeddable":true,"href":"https:\/\/teste.bsb.br\/zeca\/wp-json\/wp\/v2\/media\/26461"}],"wp:attachment":[{"href":"https:\/\/teste.bsb.br\/zeca\/wp-json\/wp\/v2\/media?parent=26462"}],"wp:term":[{"taxonomy":"category","embeddable":true,"href":"https:\/\/teste.bsb.br\/zeca\/wp-json\/wp\/v2\/categories?post=26462"},{"taxonomy":"post_tag","embeddable":true,"href":"https:\/\/teste.bsb.br\/zeca\/wp-json\/wp\/v2\/tags?post=26462"}],"curies":[{"name":"wp","href":"https:\/\/api.w.org\/{rel}","templated":true}]}}