{"id":26460,"date":"2011-12-26T00:00:00","date_gmt":"2011-12-26T02:00:00","guid":{"rendered":"https:\/\/www.zecadirceu.com.br\/governo-prorroga-contratos-do-luz-para-todos-ate-2014\/"},"modified":"2011-12-26T00:00:00","modified_gmt":"2011-12-26T02:00:00","slug":"governo-prorroga-contratos-do-luz-para-todos-ate-2014","status":"publish","type":"post","link":"https:\/\/teste.bsb.br\/zeca\/governo-prorroga-contratos-do-luz-para-todos-ate-2014\/","title":{"rendered":"Governo prorroga contratos do Luz Para Todos at\u00e9 2014"},"content":{"rendered":"<p>&nbsp;<strong style=\"color: rgb(34, 34, 34); font-family: 'Lucida Grande', 'Lucida Sans Unicode', Verdana, Arial, 'Helvetica Neue', Helvetica, sans-serif; line-height: 15px; font-weight: bold; \">Os contratos e os novos cronogramas ainda dever&atilde;o ser avaliados pela Eletrobras e homologados pelo Minist&eacute;rio de Minas e Energia.<br \/>\n<\/strong><\/p>\n<p style=\"margin-top: 0px; margin-right: 0px; margin-bottom: 1.5em; margin-left: 0px; padding-top: 0px; padding-right: 0px; padding-bottom: 0px; padding-left: 0px; border-top-width: 0px; border-right-width: 0px; border-bottom-width: 0px; border-left-width: 0px; border-style: initial; border-color: initial; border-image: initial; outline-width: 0px; outline-style: initial; outline-color: initial; font-family: 'Lucida Grande', 'Lucida Sans Unicode', Verdana, Arial, 'Helvetica Neue', Helvetica, sans-serif; vertical-align: baseline; color: rgb(34, 34, 34); line-height: 15px; \">\nDecreto n&ordm; 7.656, assinado na &uacute;ltima sexta-feira (23\/12) pela presidente Dilma Rousseff e pelo ministro de Minas e Energia e publicado nesta segunda-feira (26\/12), prorroga at&eacute; 2014 os contratos do Programa Luz Para Todos que ainda n&atilde;o tenham sido conclu&iacute;dos.<\/p>\n<p style=\"margin-top: 0px; margin-right: 0px; margin-bottom: 1.5em; margin-left: 0px; padding-top: 0px; padding-right: 0px; padding-bottom: 0px; padding-left: 0px; border-top-width: 0px; border-right-width: 0px; border-bottom-width: 0px; border-left-width: 0px; border-style: initial; border-color: initial; border-image: initial; outline-width: 0px; outline-style: initial; outline-color: initial; font-family: 'Lucida Grande', 'Lucida Sans Unicode', Verdana, Arial, 'Helvetica Neue', Helvetica, sans-serif; vertical-align: baseline; color: rgb(34, 34, 34); line-height: 15px; \">De acordo com o decreto, os contratos e os novos cronogramas ainda dever&atilde;o ser avaliados pela Eletrobras e homologados pelo Minist&eacute;rio de Minas e Energia (MME), que cuidar&aacute; tamb&eacute;m das regras de transi&ccedil;&atilde;o para que os documentos estejam de acordo com as metas do Programa no per&iacute;odo de 2011 a 2014.<\/p>\n<p><a href=\"http:\/\/www.brasileconomico.com.br\/noticias\/governo-prorroga-contratos-do-luz-para-todos-ate-2014_111014.html\">http:\/\/www.brasileconomico.com.br\/noticias\/governo-prorroga-contratos-do-luz-para-todos-ate-2014_111014.html<\/a>&nbsp;<\/p>\n","protected":false},"excerpt":{"rendered":"<p>Os contratos e os novos cronogramas ainda dever\u00e3o ser avaliados pela Eletrobras e homologados pelo Minist\u00e9rio de Minas e Energia. O decreto n\u00ba 7.656, assinado na \u00faltima sexta-feira (23\/12) pela presidente Dilma Rousseff e pelo ministro de Minas e Energia e publicado nesta segunda-feira (26\/12), prorroga at\u00e9 2014 os contratos do Programa Luz Para Todos que ainda n\u00e3o tenham sido conclu\u00eddos.<\/p>\n","protected":false},"author":1,"featured_media":26459,"comment_status":"open","ping_status":"open","sticky":false,"template":"","format":"standard","meta":{"footnotes":""},"categories":[1],"tags":[5967],"class_list":["post-26460","post","type-post","status-publish","format-standard","has-post-thumbnail","hentry","category-noticias-zeca-dirceu","tag-governo-prorroga-contratos-do-luz-para-todos-ate-2014"],"_links":{"self":[{"href":"https:\/\/teste.bsb.br\/zeca\/wp-json\/wp\/v2\/posts\/26460","targetHints":{"allow":["GET"]}}],"collection":[{"href":"https:\/\/teste.bsb.br\/zeca\/wp-json\/wp\/v2\/posts"}],"about":[{"href":"https:\/\/teste.bsb.br\/zeca\/wp-json\/wp\/v2\/types\/post"}],"author":[{"embeddable":true,"href":"https:\/\/teste.bsb.br\/zeca\/wp-json\/wp\/v2\/users\/1"}],"replies":[{"embeddable":true,"href":"https:\/\/teste.bsb.br\/zeca\/wp-json\/wp\/v2\/comments?post=26460"}],"version-history":[{"count":0,"href":"https:\/\/teste.bsb.br\/zeca\/wp-json\/wp\/v2\/posts\/26460\/revisions"}],"wp:featuredmedia":[{"embeddable":true,"href":"https:\/\/teste.bsb.br\/zeca\/wp-json\/wp\/v2\/media\/26459"}],"wp:attachment":[{"href":"https:\/\/teste.bsb.br\/zeca\/wp-json\/wp\/v2\/media?parent=26460"}],"wp:term":[{"taxonomy":"category","embeddable":true,"href":"https:\/\/teste.bsb.br\/zeca\/wp-json\/wp\/v2\/categories?post=26460"},{"taxonomy":"post_tag","embeddable":true,"href":"https:\/\/teste.bsb.br\/zeca\/wp-json\/wp\/v2\/tags?post=26460"}],"curies":[{"name":"wp","href":"https:\/\/api.w.org\/{rel}","templated":true}]}}