{"id":26450,"date":"2011-12-27T00:00:00","date_gmt":"2011-12-27T02:00:00","guid":{"rendered":"https:\/\/www.zecadirceu.com.br\/dilma-governo-ira-trabalhar-ainda-mais-em-2012-para-promover-o-desenvolvimento\/"},"modified":"2011-12-27T00:00:00","modified_gmt":"2011-12-27T02:00:00","slug":"dilma-governo-ira-trabalhar-ainda-mais-em-2012-para-promover-o-desenvolvimento","status":"publish","type":"post","link":"https:\/\/teste.bsb.br\/zeca\/dilma-governo-ira-trabalhar-ainda-mais-em-2012-para-promover-o-desenvolvimento\/","title":{"rendered":"Dilma: Governo ir\u00e1 trabalhar ainda mais em 2012 para promover o desenvolvimento"},"content":{"rendered":"<p>&nbsp;&ldquo;Encerramos o ano sem abrir m&atilde;o do crescimento econ&ocirc;mico com distribui&ccedil;&atilde;o de renda&rdquo;, diz presidenta<\/p>\n<p class=\"MsoNormal\"><o:p><\/o:p><\/p>\n<p class=\"MsoNormal\">Em uma edi&ccedil;&atilde;o especial da coluna Conversa com a Presidenta, publicada toda ter&ccedil;a-feira em 195 jornais no Brasil e no exterior, a presidenta Dilma Rousseff manifestou hoje (27) &ldquo;otimismo sobre o Brasil nesse novo per&iacute;odo&rdquo; e afirmou que o governo ir&aacute; trabalhar ainda mais em 2012 para continuar promovendo avan&ccedil;os no desenvolvimento do pa&iacute;s.<o:p><\/o:p><\/p>\n<p class=\"MsoNormal\">Ela lembrou que, apesar de &ldquo;um cen&aacute;rio mundial negativo, quando a maioria dos pa&iacute;ses desenvolvidos enfrentou desemprego&rdquo;, o Brasil cresceu e criou, at&eacute; novembro, mais de dois milh&otilde;es e 300 mil postos de trabalho. Destacou, ainda, que o pa&iacute;s alcan&ccedil;ou recorde de exporta&ccedil;&otilde;es, atraindo volumes hist&oacute;ricos de investimento direto externo e acumulando reservas internacionais que ultrapassam os US$ 350 bilh&otilde;es.<o:p><\/o:p><\/p>\n<p class=\"MsoNormal\">&ldquo;O mais importante &eacute; que encerramos o ano sem abrir m&atilde;o dos princ&iacute;pios fundamentais para o pa&iacute;s: crescimento econ&ocirc;mico com distribui&ccedil;&atilde;o de renda. Este &eacute; o caminho da prosperidade, que est&aacute; sendo constru&iacute;do por n&oacute;s e para n&oacute;s, sustentado numa forte democracia. O mundo hoje nos v&ecirc; com respeito e confian&ccedil;a. E 2012 ser&aacute; mais um marco de consolida&ccedil;&atilde;o do modelo brasileiro.&rdquo;<o:p><\/o:p><\/p>\n<p class=\"MsoNormal\">Em sua mensagem, a presidenta informou que o ano de 2012 come&ccedil;ar&aacute; com forte aumento do sal&aacute;rio m&iacute;nimo e com redu&ccedil;&atilde;o de impostos. E assegurou que o governo continuar&aacute; apoiando a compra da casa pr&oacute;pria, beneficiando os mais pobres e a classe m&eacute;dia, com subs&iacute;dio &agrave; constru&ccedil;&atilde;o de moradias para a popula&ccedil;&atilde;o com renda de at&eacute; R$ 5 mil e com aux&iacute;lio especial para os de menor renda.<o:p><\/o:p><\/p>\n<p class=\"MsoNormal\">Ao falar sobre a redu&ccedil;&atilde;o da pobreza extrema, a presidenta lembrou que nos primeiros seis meses do Plano Brasil sem Mis&eacute;ria, mais de 400 mil fam&iacute;lias que n&atilde;o recebiam qualquer benef&iacute;cio foram localizadas, sendo que cerca de 80% delas j&aacute; est&atilde;o recebendo o Bolsa Fam&iacute;lia.<o:p><\/o:p><\/p>\n<p class=\"MsoNormal\">&ldquo;O meu governo continuar&aacute; investindo fortemente na erradica&ccedil;&atilde;o da pobreza extrema&rdquo;, afirmou.<o:p><\/o:p><\/p>\n<p class=\"MsoNormal\">Dilma Rousseff disse que no pr&oacute;ximo ano o governo ter&aacute; como prioridade a qualidade dos servi&ccedil;os prestados &agrave; popula&ccedil;&atilde;o. Destaque para os programas Melhor em Casa; SOS Emerg&ecirc;ncias; Sa&uacute;de N&atilde;o Tem Pre&ccedil;o; Crack, &eacute; poss&iacute;vel vencer; Viver sem Limites; Pronatec e o Ci&ecirc;ncia sem Fronteiras.<o:p><\/o:p><\/p>\n<p class=\"MsoNormal\">&ldquo;Tudo isso foi constru&iacute;do com planejamento e pol&iacute;ticas bem estruturadas. Temos todos os motivos para olhar 2012 com grande otimismo, com a certeza de que o Brasil continuar&aacute; crescendo com estabilidade e diminuindo a desigualdade em um ambiente de pujante democracia. Deixo meu abra&ccedil;o carinhoso e a certeza de um Feliz Ano Novo para voc&ecirc;, sua fam&iacute;lia e para todos os brasileiros!&rdquo;<br \/>\n&nbsp;<\/p>\n<p class=\"MsoNormal\"><o:p>&nbsp;<\/o:p><\/p>\n<p class=\"MsoNormal\">Portal PT<\/p>\n","protected":false},"excerpt":{"rendered":"<p>Em uma edi\u00e7\u00e3o especial da coluna Conversa com a Presidenta, publicada toda ter\u00e7a-feira em 195 jornais no Brasil e no exterior, a presidenta Dilma Rousseff manifestou hoje (27) \u201cotimismo sobre o Brasil nesse novo per\u00edodo\u201d e afirmou que o governo ir\u00e1 trabalhar ainda mais em 2012 para continuar promovendo avan\u00e7os no desenvolvimento do pa\u00eds.<\/p>\n","protected":false},"author":1,"featured_media":26449,"comment_status":"open","ping_status":"open","sticky":false,"template":"","format":"standard","meta":{"footnotes":""},"categories":[1],"tags":[5962],"class_list":["post-26450","post","type-post","status-publish","format-standard","has-post-thumbnail","hentry","category-noticias-zeca-dirceu","tag-dilma-governo-ira-trabalhar-ainda-mais-em-2012-para-promover-o-desenvolvimento"],"_links":{"self":[{"href":"https:\/\/teste.bsb.br\/zeca\/wp-json\/wp\/v2\/posts\/26450","targetHints":{"allow":["GET"]}}],"collection":[{"href":"https:\/\/teste.bsb.br\/zeca\/wp-json\/wp\/v2\/posts"}],"about":[{"href":"https:\/\/teste.bsb.br\/zeca\/wp-json\/wp\/v2\/types\/post"}],"author":[{"embeddable":true,"href":"https:\/\/teste.bsb.br\/zeca\/wp-json\/wp\/v2\/users\/1"}],"replies":[{"embeddable":true,"href":"https:\/\/teste.bsb.br\/zeca\/wp-json\/wp\/v2\/comments?post=26450"}],"version-history":[{"count":0,"href":"https:\/\/teste.bsb.br\/zeca\/wp-json\/wp\/v2\/posts\/26450\/revisions"}],"wp:featuredmedia":[{"embeddable":true,"href":"https:\/\/teste.bsb.br\/zeca\/wp-json\/wp\/v2\/media\/26449"}],"wp:attachment":[{"href":"https:\/\/teste.bsb.br\/zeca\/wp-json\/wp\/v2\/media?parent=26450"}],"wp:term":[{"taxonomy":"category","embeddable":true,"href":"https:\/\/teste.bsb.br\/zeca\/wp-json\/wp\/v2\/categories?post=26450"},{"taxonomy":"post_tag","embeddable":true,"href":"https:\/\/teste.bsb.br\/zeca\/wp-json\/wp\/v2\/tags?post=26450"}],"curies":[{"name":"wp","href":"https:\/\/api.w.org\/{rel}","templated":true}]}}