{"id":26448,"date":"2011-12-27T00:00:00","date_gmt":"2011-12-27T02:00:00","guid":{"rendered":"https:\/\/www.zecadirceu.com.br\/governo-divulga-datas-de-feriados-nacionais\/"},"modified":"2011-12-27T00:00:00","modified_gmt":"2011-12-27T02:00:00","slug":"governo-divulga-datas-de-feriados-nacionais","status":"publish","type":"post","link":"https:\/\/teste.bsb.br\/zeca\/governo-divulga-datas-de-feriados-nacionais\/","title":{"rendered":"Governo divulga datas de feriados nacionais"},"content":{"rendered":"<p>O governo federal divulgou nesta segunda-feira os dias de feriados nacionais e de ponto facultativo do ano de 2012 para cumprimento pelos &oacute;rg&atilde;os e entidades da administra&ccedil;&atilde;o p&uacute;blica federal direta, aut&aacute;rquica e fundacional do Poder Executivo. O primeiro feriado nacional &eacute; dia 1&ordm; de janeiro. J&aacute; os dias 20 e 21 de fevereiro (segunda e ter&ccedil;a-feira de Carnaval) &eacute; considerado ponto facultativo, assim como a quarta-feira de Cinzas (22 de fevereiro) at&eacute; &agrave;s 14 horas.<\/p>\n<p class=\"MsoNormal\"><o:p><\/o:p><\/p>\n<p class=\"MsoNormal\">Dia 6 de abril, sexta-feira em que celebra-se a Paix&atilde;o de Cristo tamb&eacute;m ser&aacute; ponto facultativo. O dia 21 de abril, &eacute; feriado nacional, dia de Tiradentes, e o dia 1&ordm; de maio, Dia Mundial do Trabalho.<o:p><\/o:p><\/p>\n<p class=\"MsoNormal\">O dia 7 de junho, dia de Corpus Christi, &eacute; considerado tamb&eacute;m ponto facultativo. Os outros feriados s&atilde;o o dia 7 de setembro, dia da Independ&ecirc;ncia do Brasil; 12 de outubro, dia de Nossa Senhora Aparecida; 28 de outubro, dia do Servidor P&uacute;blico (feriado da categoria); 2 de novembro (Finados); 15 de novembro (Proclama&ccedil;&atilde;o da Rep&uacute;blica); 25 de dezembro (Natal). Os dias 24 de dezembro e 31 de dezembro s&atilde;o ainda considerados ponto facultativo.<o:p><\/o:p><\/p>\n<p class=\"MsoNormal\">As datas dos feriados foram publicadas no Di&aacute;rio Oficial da Uni&atilde;o desta segunda-feira, em portaria do minist&eacute;rio do Planejamento.<\/p>\n<p class=\"MsoNormal\"><o:p>&nbsp;<\/o:p><\/p>\n<p class=\"MsoNormal\">FONTE: Ag&ecirc;ncia Estado \/ Gazeta do Povo<\/p>\n","protected":false},"excerpt":{"rendered":"<p>O governo federal divulgou nesta segunda-feira os dias de feriados nacionais e de ponto facultativo do ano de 2012 para cumprimento pelos \u00f3rg\u00e3os e entidades da administra\u00e7\u00e3o p\u00fablica federal direta, aut\u00e1rquica e fundacional do Poder Executivo. O primeiro feriado nacional \u00e9 dia 1\u00ba de janeiro. J\u00e1 os dias 20 e 21 de fevereiro (segunda e ter\u00e7a-feira de Carnaval) \u00e9 considerado ponto facultativo, assim como a quarta-feira de Cinzas (22 de fevereiro) at\u00e9 \u00e0s 14 horas.<\/p>\n","protected":false},"author":1,"featured_media":26447,"comment_status":"open","ping_status":"open","sticky":false,"template":"","format":"standard","meta":{"footnotes":""},"categories":[1],"tags":[5961],"class_list":["post-26448","post","type-post","status-publish","format-standard","has-post-thumbnail","hentry","category-noticias-zeca-dirceu","tag-governo-divulga-datas-de-feriados-nacionais"],"_links":{"self":[{"href":"https:\/\/teste.bsb.br\/zeca\/wp-json\/wp\/v2\/posts\/26448","targetHints":{"allow":["GET"]}}],"collection":[{"href":"https:\/\/teste.bsb.br\/zeca\/wp-json\/wp\/v2\/posts"}],"about":[{"href":"https:\/\/teste.bsb.br\/zeca\/wp-json\/wp\/v2\/types\/post"}],"author":[{"embeddable":true,"href":"https:\/\/teste.bsb.br\/zeca\/wp-json\/wp\/v2\/users\/1"}],"replies":[{"embeddable":true,"href":"https:\/\/teste.bsb.br\/zeca\/wp-json\/wp\/v2\/comments?post=26448"}],"version-history":[{"count":0,"href":"https:\/\/teste.bsb.br\/zeca\/wp-json\/wp\/v2\/posts\/26448\/revisions"}],"wp:featuredmedia":[{"embeddable":true,"href":"https:\/\/teste.bsb.br\/zeca\/wp-json\/wp\/v2\/media\/26447"}],"wp:attachment":[{"href":"https:\/\/teste.bsb.br\/zeca\/wp-json\/wp\/v2\/media?parent=26448"}],"wp:term":[{"taxonomy":"category","embeddable":true,"href":"https:\/\/teste.bsb.br\/zeca\/wp-json\/wp\/v2\/categories?post=26448"},{"taxonomy":"post_tag","embeddable":true,"href":"https:\/\/teste.bsb.br\/zeca\/wp-json\/wp\/v2\/tags?post=26448"}],"curies":[{"name":"wp","href":"https:\/\/api.w.org\/{rel}","templated":true}]}}