{"id":26442,"date":"2011-12-27T00:00:00","date_gmt":"2011-12-27T02:00:00","guid":{"rendered":"https:\/\/www.zecadirceu.com.br\/salario-minimo-de-r-622-esta-publicado-no-diario-oficial-da-uniao\/"},"modified":"2011-12-27T00:00:00","modified_gmt":"2011-12-27T02:00:00","slug":"salario-minimo-de-r-622-esta-publicado-no-diario-oficial-da-uniao","status":"publish","type":"post","link":"https:\/\/teste.bsb.br\/zeca\/salario-minimo-de-r-622-esta-publicado-no-diario-oficial-da-uniao\/","title":{"rendered":"Sal\u00e1rio m\u00ednimo de R$ 622 est\u00e1 publicado no Di\u00e1rio Oficial da Uni\u00e3o"},"content":{"rendered":"<p>&nbsp;O decreto que define o valor de R$ 622 para o sal&aacute;rio m&iacute;nimo a partir de 1&ordm; de janeiro de 2012 est&aacute; publicado na edi&ccedil;&atilde;o de hoje (26) do Di&aacute;rio Oficial da Uni&atilde;o. O novo valor representa um aumento de 14,13% em rela&ccedil;&atilde;o ao atual, de R$ 545. Com o reajuste, o valor di&aacute;rio do sal&aacute;rio m&iacute;nimo corresponder&aacute; a R$ 20,73 e o valor pago pela hora de trabalho ser&aacute; de R$ 2,83.<\/p>\n<p class=\"MsoNormal\"><o:p><\/o:p><\/p>\n<p class=\"MsoNormal\">O m&eacute;todo de reajuste do sal&aacute;rio m&iacute;nimo foi definido por meio de uma medida provis&oacute;ria aprovada pelo Congresso. A lei que fixa a pol&iacute;tica de reajuste do sal&aacute;rio m&iacute;nimo estabelece que o valor ser&aacute; reajustado, at&eacute; 2015, com base no &Iacute;ndice Nacional de Pre&ccedil;os ao Consumidor (INPC) do ano anterior mais a varia&ccedil;&atilde;o do Produto Interno Bruto (PIB) de dois anos antes.<o:p><\/o:p><\/p>\n<p class=\"MsoNormal\">O novo sal&aacute;rio m&iacute;nimo de R$ 622 ter&aacute; impacto de R$ 23,9 bilh&otilde;es nos gastos p&uacute;blicos em 2012. A maior parte desse montante corresponde aos benef&iacute;cios da Previd&ecirc;ncia Social no valor de um sal&aacute;rio m&iacute;nimo, que ser&atilde;o respons&aacute;veis pelo aumento de R$ 15,3 bilh&otilde;es nas despesas do Instituto Nacional do Seguro Social (INSS).<o:p><\/o:p><\/p>\n<p class=\"MsoNormal\"><o:p>&nbsp;<\/o:p><\/p>\n<p class=\"MsoNormal\">Fonte: Ag&ecirc;ncia Brasil<\/p>\n","protected":false},"excerpt":{"rendered":"<p>O decreto que define o valor de R$ 622 para o sal\u00e1rio m\u00ednimo a partir de 1\u00ba de janeiro de 2012 est\u00e1 publicado na edi\u00e7\u00e3o de hoje (26) do Di\u00e1rio Oficial da Uni\u00e3o. O novo valor representa um aumento de 14,13% em rela\u00e7\u00e3o ao atual, de R$ 545. Com o reajuste, o valor di\u00e1rio do sal\u00e1rio m\u00ednimo corresponder\u00e1 a R$ 20,73 e o valor pago pela hora de trabalho ser\u00e1 de R$ 2,83.<\/p>\n","protected":false},"author":1,"featured_media":26441,"comment_status":"open","ping_status":"open","sticky":false,"template":"","format":"standard","meta":{"footnotes":""},"categories":[1],"tags":[5958],"class_list":["post-26442","post","type-post","status-publish","format-standard","has-post-thumbnail","hentry","category-noticias-zeca-dirceu","tag-salario-minimo-de-r-622-esta-publicado-no-diario-oficial-da-uniao"],"_links":{"self":[{"href":"https:\/\/teste.bsb.br\/zeca\/wp-json\/wp\/v2\/posts\/26442","targetHints":{"allow":["GET"]}}],"collection":[{"href":"https:\/\/teste.bsb.br\/zeca\/wp-json\/wp\/v2\/posts"}],"about":[{"href":"https:\/\/teste.bsb.br\/zeca\/wp-json\/wp\/v2\/types\/post"}],"author":[{"embeddable":true,"href":"https:\/\/teste.bsb.br\/zeca\/wp-json\/wp\/v2\/users\/1"}],"replies":[{"embeddable":true,"href":"https:\/\/teste.bsb.br\/zeca\/wp-json\/wp\/v2\/comments?post=26442"}],"version-history":[{"count":0,"href":"https:\/\/teste.bsb.br\/zeca\/wp-json\/wp\/v2\/posts\/26442\/revisions"}],"wp:featuredmedia":[{"embeddable":true,"href":"https:\/\/teste.bsb.br\/zeca\/wp-json\/wp\/v2\/media\/26441"}],"wp:attachment":[{"href":"https:\/\/teste.bsb.br\/zeca\/wp-json\/wp\/v2\/media?parent=26442"}],"wp:term":[{"taxonomy":"category","embeddable":true,"href":"https:\/\/teste.bsb.br\/zeca\/wp-json\/wp\/v2\/categories?post=26442"},{"taxonomy":"post_tag","embeddable":true,"href":"https:\/\/teste.bsb.br\/zeca\/wp-json\/wp\/v2\/tags?post=26442"}],"curies":[{"name":"wp","href":"https:\/\/api.w.org\/{rel}","templated":true}]}}