{"id":26440,"date":"2011-12-27T00:00:00","date_gmt":"2011-12-27T02:00:00","guid":{"rendered":"https:\/\/www.zecadirceu.com.br\/ibaiti-recebera-r-561-mil-para-adquirir-tres-novos-onibus-escolares\/"},"modified":"2011-12-27T00:00:00","modified_gmt":"2011-12-27T02:00:00","slug":"ibaiti-recebera-r-561-mil-para-adquirir-tres-novos-onibus-escolares","status":"publish","type":"post","link":"https:\/\/teste.bsb.br\/zeca\/ibaiti-recebera-r-561-mil-para-adquirir-tres-novos-onibus-escolares\/","title":{"rendered":"Ibaiti receber\u00e1 R$ 561 mil para adquirir tr\u00eas novos \u00f4nibus escolares"},"content":{"rendered":"<p>&nbsp;O prefeito de Ibaiti, Luiz Carlos Pet&eacute; dos Santos, esteve em Bras&iacute;lia, na semana passada, e foi acompanhado pelo deputado federal Zeca Dirceu (PT) em v&aacute;rios minist&eacute;rios.&nbsp; Com o objetivo de captar recursos para o munic&iacute;pio.<\/p>\n<p class=\"MsoNormal\">O resultado deste encontro foi a confirma&ccedil;&atilde;o de Ibaiti na aquisi&ccedil;&atilde;o de tr&ecirc;s &ocirc;nibus novos para o transporte escolar do munic&iacute;pio, por meio do Programa Caminho da Escola, financiado pelo Fundo Nacional de Desenvolvimento da Educa&ccedil;&atilde;o (FNDE), com recursos federais no valor de R$ 561 mil. Al&eacute;m de Ibaiti, mais 47 munic&iacute;pios do Paran&aacute; tamb&eacute;m foram selecionados. Zeca Dirceu ainda garantiu que vai se empenhar pela libera&ccedil;&atilde;o de &nbsp;outras emendas parlamentares, em favor de Ibaiti.<o:p><\/o:p><\/p>\n","protected":false},"excerpt":{"rendered":"<p>O prefeito de Ibaiti, Luiz Carlos Pet\u00e9 dos Santos, esteve em Bras\u00edlia, na semana passada, e foi acompanhado pelo deputado federal Zeca Dirceu (PT) em v\u00e1rios minist\u00e9rios.  Com o objetivo de captar recursos para o munic\u00edpio. A visita resultou em R$ 561 mil, para a aquisi\u00e7\u00e3o tr\u00eas novos \u00f4nibus para o transporte escolar do munic\u00edpio.<\/p>\n","protected":false},"author":1,"featured_media":26439,"comment_status":"open","ping_status":"open","sticky":false,"template":"","format":"standard","meta":{"footnotes":""},"categories":[1],"tags":[5956,5957],"class_list":["post-26440","post","type-post","status-publish","format-standard","has-post-thumbnail","hentry","category-noticias-zeca-dirceu","tag-ibaiti-recebera-r-561-mil-para-tres-novos-onibus-escolares","tag-no-municipio"],"_links":{"self":[{"href":"https:\/\/teste.bsb.br\/zeca\/wp-json\/wp\/v2\/posts\/26440","targetHints":{"allow":["GET"]}}],"collection":[{"href":"https:\/\/teste.bsb.br\/zeca\/wp-json\/wp\/v2\/posts"}],"about":[{"href":"https:\/\/teste.bsb.br\/zeca\/wp-json\/wp\/v2\/types\/post"}],"author":[{"embeddable":true,"href":"https:\/\/teste.bsb.br\/zeca\/wp-json\/wp\/v2\/users\/1"}],"replies":[{"embeddable":true,"href":"https:\/\/teste.bsb.br\/zeca\/wp-json\/wp\/v2\/comments?post=26440"}],"version-history":[{"count":0,"href":"https:\/\/teste.bsb.br\/zeca\/wp-json\/wp\/v2\/posts\/26440\/revisions"}],"wp:featuredmedia":[{"embeddable":true,"href":"https:\/\/teste.bsb.br\/zeca\/wp-json\/wp\/v2\/media\/26439"}],"wp:attachment":[{"href":"https:\/\/teste.bsb.br\/zeca\/wp-json\/wp\/v2\/media?parent=26440"}],"wp:term":[{"taxonomy":"category","embeddable":true,"href":"https:\/\/teste.bsb.br\/zeca\/wp-json\/wp\/v2\/categories?post=26440"},{"taxonomy":"post_tag","embeddable":true,"href":"https:\/\/teste.bsb.br\/zeca\/wp-json\/wp\/v2\/tags?post=26440"}],"curies":[{"name":"wp","href":"https:\/\/api.w.org\/{rel}","templated":true}]}}