{"id":26436,"date":"2011-12-28T00:00:00","date_gmt":"2011-12-28T02:00:00","guid":{"rendered":"https:\/\/www.zecadirceu.com.br\/minha-casa-minha-vida-tera-de-destinar-3-das-moradias-a-idosos\/"},"modified":"2011-12-28T00:00:00","modified_gmt":"2011-12-28T02:00:00","slug":"minha-casa-minha-vida-tera-de-destinar-3-das-moradias-a-idosos","status":"publish","type":"post","link":"https:\/\/teste.bsb.br\/zeca\/minha-casa-minha-vida-tera-de-destinar-3-das-moradias-a-idosos\/","title":{"rendered":"Minha Casa, Minha Vida ter\u00e1 de destinar 3% das moradias a idosos"},"content":{"rendered":"<p class=\"MsoNormal\" style=\"margin: 0cm 0cm 10pt\"><font face=\"Calibri\">O programa habitacional &quot;Minha Casa, Minha Vida&quot; ter&aacute; de destinar 3% das moradias previstas &agrave; popula&ccedil;&atilde;o idosa, conforme normas publicadas na edi&ccedil;&atilde;o desta ter&ccedil;a-feira (27) do Di&aacute;rio Oficial da Uni&atilde;o.<o:p><\/o:p><\/font><\/p>\n<p class=\"MsoNormal\" style=\"margin: 0cm 0cm 10pt\"><font face=\"Calibri\">Ainda de acordo com as novas regras, pelo menos 3% das unidades de cada empreendimento dever&atilde;o ser destinadas a pessoas com defici&ecirc;ncia ou a fam&iacute;lias das quais fa&ccedil;am parte pessoas com defici&ecirc;ncia.<o:p><\/o:p><\/font><\/p>\n<p class=\"MsoNormal\" style=\"margin: 0cm 0cm 10pt\"><font face=\"Calibri\">A segunda etapa do programa do governo federal prev&ecirc; a contrata&ccedil;&atilde;o de 2 milh&otilde;es de moradias at&eacute; 2014, sendo 60% para fam&iacute;lias com renda mensal de at&eacute; tr&ecirc;s sal&aacute;rios m&iacute;nimos.<o:p><\/o:p><\/font><\/p>\n<p class=\"MsoNormal\" style=\"margin: 0cm 0cm 10pt\"><font face=\"Calibri\">O &quot;Minha Casa, Minha Vida&quot; foi lan&ccedil;ado pelo ex-presidente Luiz In&aacute;cio Lula da Silva em mar&ccedil;o de 2009, com objetivo de contratar 1 milh&atilde;o de habita&ccedil;&otilde;es, volume que chegou a 1,005 milh&atilde;o de unidades ao final de 2010.<o:p><\/o:p><\/font><\/p>\n<p class=\"MsoNormal\" style=\"margin: 0cm 0cm 10pt\"><font face=\"Calibri\">Conforme dados do Minist&eacute;rio das Cidades, at&eacute; 30 de outubro, a segunda fase do projeto contratou 336 mil unidades. Do total contratado nas duas etapas, 652 mil moradias foram entregues.<\/font><\/p>\n<p class=\"MsoNormal\" style=\"margin: 0cm 0cm 10pt\"><font face=\"Calibri\">FONTE: REUTERS<\/font><\/p>\n","protected":false},"excerpt":{"rendered":"<p>O programa habitacional &#8220;Minha Casa, Minha Vida&#8221; ter\u00e1 de destinar 3% das moradias previstas \u00e0 popula\u00e7\u00e3o idosa, conforme normas publicadas na edi\u00e7\u00e3o desta ter\u00e7a-feira (27) do Di\u00e1rio Oficial da Uni\u00e3o.<\/p>\n","protected":false},"author":1,"featured_media":26435,"comment_status":"open","ping_status":"open","sticky":false,"template":"","format":"standard","meta":{"footnotes":""},"categories":[1],"tags":[270,5954],"class_list":["post-26436","post","type-post","status-publish","format-standard","has-post-thumbnail","hentry","category-noticias-zeca-dirceu","tag-minha-casa","tag-minha-vida-tera-de-destinar-3-das-moradias-a-idosos"],"_links":{"self":[{"href":"https:\/\/teste.bsb.br\/zeca\/wp-json\/wp\/v2\/posts\/26436","targetHints":{"allow":["GET"]}}],"collection":[{"href":"https:\/\/teste.bsb.br\/zeca\/wp-json\/wp\/v2\/posts"}],"about":[{"href":"https:\/\/teste.bsb.br\/zeca\/wp-json\/wp\/v2\/types\/post"}],"author":[{"embeddable":true,"href":"https:\/\/teste.bsb.br\/zeca\/wp-json\/wp\/v2\/users\/1"}],"replies":[{"embeddable":true,"href":"https:\/\/teste.bsb.br\/zeca\/wp-json\/wp\/v2\/comments?post=26436"}],"version-history":[{"count":0,"href":"https:\/\/teste.bsb.br\/zeca\/wp-json\/wp\/v2\/posts\/26436\/revisions"}],"wp:featuredmedia":[{"embeddable":true,"href":"https:\/\/teste.bsb.br\/zeca\/wp-json\/wp\/v2\/media\/26435"}],"wp:attachment":[{"href":"https:\/\/teste.bsb.br\/zeca\/wp-json\/wp\/v2\/media?parent=26436"}],"wp:term":[{"taxonomy":"category","embeddable":true,"href":"https:\/\/teste.bsb.br\/zeca\/wp-json\/wp\/v2\/categories?post=26436"},{"taxonomy":"post_tag","embeddable":true,"href":"https:\/\/teste.bsb.br\/zeca\/wp-json\/wp\/v2\/tags?post=26436"}],"curies":[{"name":"wp","href":"https:\/\/api.w.org\/{rel}","templated":true}]}}