{"id":26434,"date":"2011-12-28T00:00:00","date_gmt":"2011-12-28T02:00:00","guid":{"rendered":"https:\/\/www.zecadirceu.com.br\/ministerio-libera-r-84-mi-para-academias-da-saude\/"},"modified":"2011-12-28T00:00:00","modified_gmt":"2011-12-28T02:00:00","slug":"ministerio-libera-r-84-mi-para-academias-da-saude","status":"publish","type":"post","link":"https:\/\/teste.bsb.br\/zeca\/ministerio-libera-r-84-mi-para-academias-da-saude\/","title":{"rendered":"Minist\u00e9rio libera R$ 8,4 mi para Academias da Sa\u00fade"},"content":{"rendered":"<div style=\"margin: 0cm 0cm 10pt\">Munic&iacute;pios com projetos aprovados recebem incentivos do governo federal que podem chegar a R$ 180 mil<\/div>\n<div style=\"margin: 0cm 0cm 10pt\">O Minist&eacute;rio da Sa&uacute;de liberou mais R$ 8,4 milh&otilde;es para munic&iacute;pios que foram habilitados ao programa Academias da Sa&uacute;de. Os recursos financiar&atilde;o a constru&ccedil;&atilde;o de espa&ccedil;os p&uacute;blicos destinados &agrave; pr&aacute;tica de atividades f&iacute;sicas e promo&ccedil;&atilde;o de h&aacute;bitos saud&aacute;veis, como a realiza&ccedil;&atilde;o de oficinas, palestras e orienta&ccedil;&atilde;o nutricional &agrave; popula&ccedil;&atilde;o.<\/div>\n<div style=\"margin: 0cm 0cm 10pt\">Um total de 1.828 munic&iacute;pios habilitados que tiveram os projetos aprovados pelo Minist&eacute;rio v&atilde;o receber incentivos que podem variar entre R$ 80 mil (para porte b&aacute;sico), R$ 100 mil (para porte intermedi&aacute;rio) e R$ 180 mil (para porte ampliado). Recursos financeiros adicionais para a implementa&ccedil;&atilde;o dos polos do programa poder&atilde;o ser complementados pelos estados e munic&iacute;pios.<\/div>\n<div style=\"margin: 0cm 0cm 10pt\">Os valores garantidos pelo governo federal ser&atilde;o transferidos do Fundo Nacional de Sa&uacute;de para os fundos municipais de sa&uacute;de. A partir das habilita&ccedil;&otilde;es (por meio da Portaria 2.912), cada munic&iacute;pio contemplado passa a receber 20% do valor total previsto para a totalidade do projeto, cujas obras devem ser finalizadas em at&eacute; 24 meses. Para receber as outras parcelas de recursos, o gestor municipal dever&aacute; apresentar os documentos solicitados pelo Minist&eacute;rio da Sa&uacute;de, comprovando a conclus&atilde;o das etapas da obra.<\/div>\n<div style=\"margin: 0cm 0cm 10pt\">O governo federal destinou at&eacute; agora R$ 42,4 milh&otilde;es para a constru&ccedil;&atilde;o de polos do programa Academias da Sa&uacute;de. A meta do Minist&eacute;rio da Sa&uacute;de &eacute; financiar a implanta&ccedil;&atilde;o, at&eacute; 2014, de mil polos do programa por ano. As propostas que n&atilde;o forem contempladas ainda este ano poder&atilde;o ser reapresentadas para nova avalia&ccedil;&atilde;o em 2012.<\/div>\n<div style=\"margin: 0cm 0cm 10pt\">O PROGRAMA&ndash; Lan&ccedil;ado em abril deste ano, o programa Academias da Sa&uacute;de estimula a cria&ccedil;&atilde;o de espa&ccedil;os adequados para a pr&aacute;tica de atividade f&iacute;sica, orienta&ccedil;&atilde;o nutricional, oficinas de artes c&ecirc;nicas, dan&ccedil;a, palestras e demais atividades que promovam a constru&ccedil;&atilde;o de conhecimentos favor&aacute;veis &agrave; constru&ccedil;&atilde;o coletiva de modos de vida saud&aacute;veis. O objetivo &eacute; estimular a promo&ccedil;&atilde;o da sa&uacute;de como tamb&eacute;m a preven&ccedil;&atilde;o e redu&ccedil;&atilde;o de mortes prematuras por Doen&ccedil;as Cr&ocirc;nicas N&atilde;o Transmiss&iacute;veis (DCNT), previstas no Plano de A&ccedil;&otilde;es Estrat&eacute;gicas para Enfretamento das DCNTs. O Plano, lan&ccedil;ado no &uacute;ltimo m&ecirc;s de agosto, tem por meta a redu&ccedil;&atilde;o de 2% ao ano das mortes prematuras por essas doen&ccedil;as a partir da melhoria de indicadores relacionados ao tabagismo, &aacute;lcool, alimenta&ccedil;&atilde;o inadequada, sedentarismo e obesidade.<\/div>\n<div style=\"margin: 0cm 0cm 10pt\">De acordo com a pesquisa Vigitel 2010, 16,4% dos brasileiros s&atilde;o sedent&aacute;rios: n&atilde;o fazem atividade f&iacute;sica no tempo livre, no deslocamento di&aacute;rio ou em atividades, como a limpeza da casa. Apenas 15% dos adultos s&atilde;o ativos no tempo livre, com maior propor&ccedil;&atilde;o entre os homens (18,5%) na compara&ccedil;&atilde;o com as mulheres (12%). A Organiza&ccedil;&atilde;o Mundial da Sa&uacute;de recomenda a pr&aacute;tica de 30 minutos de atividade f&iacute;sica, em cinco ou mais dias por semana.<\/div>\n<div style=\"margin: 0cm 0cm 10pt\">Outro indicador preocupante se refere ao sobrepeso e &agrave; obesidade no pa&iacute;s: 48% dos brasileiros est&atilde;o acima do peso e, desses, 15% s&atilde;o obesos. &ldquo;A obesidade &eacute;, em geral, consequ&ecirc;ncia de alimenta&ccedil;&atilde;o inadequada e inatividade f&iacute;sica, o que pode levar ao desenvolvimento de doen&ccedil;as cardiovasculares e diabetes&rdquo;, lembra a coordenadora geral de Vigil&acirc;ncia de Agravos e Doen&ccedil;as n&atilde;o Transmiss&iacute;veis do Minist&eacute;rio da Sa&uacute;de, Deborah Malta.<\/div>\n<div style=\"margin: 0cm 0cm 10pt\">Por D&eacute;bora Pinheiro, da Ag&ecirc;ncia Sa&uacute;de &#8211; Ascom\/MS<\/div>\n","protected":false},"excerpt":{"rendered":"<p>O Minist\u00e9rio da Sa\u00fade liberou mais R$ 8,4 milh\u00f5es para munic\u00edpios que foram habilitados ao programa Academias da Sa\u00fade. Os recursos financiar\u00e3o a constru\u00e7\u00e3o de espa\u00e7os p\u00fablicos destinados \u00e0 pr\u00e1tica de atividades f\u00edsicas e promo\u00e7\u00e3o de h\u00e1bitos saud\u00e1veis, como a realiza\u00e7\u00e3o de oficinas, palestras e orienta\u00e7\u00e3o nutricional \u00e0 popula\u00e7\u00e3o.<\/p>\n","protected":false},"author":1,"featured_media":26433,"comment_status":"open","ping_status":"open","sticky":false,"template":"","format":"standard","meta":{"footnotes":""},"categories":[1],"tags":[5953,5952],"class_list":["post-26434","post","type-post","status-publish","format-standard","has-post-thumbnail","hentry","category-noticias-zeca-dirceu","tag-4-mi-para-academias-da-saude","tag-ministerio-libera-r-8"],"_links":{"self":[{"href":"https:\/\/teste.bsb.br\/zeca\/wp-json\/wp\/v2\/posts\/26434","targetHints":{"allow":["GET"]}}],"collection":[{"href":"https:\/\/teste.bsb.br\/zeca\/wp-json\/wp\/v2\/posts"}],"about":[{"href":"https:\/\/teste.bsb.br\/zeca\/wp-json\/wp\/v2\/types\/post"}],"author":[{"embeddable":true,"href":"https:\/\/teste.bsb.br\/zeca\/wp-json\/wp\/v2\/users\/1"}],"replies":[{"embeddable":true,"href":"https:\/\/teste.bsb.br\/zeca\/wp-json\/wp\/v2\/comments?post=26434"}],"version-history":[{"count":0,"href":"https:\/\/teste.bsb.br\/zeca\/wp-json\/wp\/v2\/posts\/26434\/revisions"}],"wp:featuredmedia":[{"embeddable":true,"href":"https:\/\/teste.bsb.br\/zeca\/wp-json\/wp\/v2\/media\/26433"}],"wp:attachment":[{"href":"https:\/\/teste.bsb.br\/zeca\/wp-json\/wp\/v2\/media?parent=26434"}],"wp:term":[{"taxonomy":"category","embeddable":true,"href":"https:\/\/teste.bsb.br\/zeca\/wp-json\/wp\/v2\/categories?post=26434"},{"taxonomy":"post_tag","embeddable":true,"href":"https:\/\/teste.bsb.br\/zeca\/wp-json\/wp\/v2\/tags?post=26434"}],"curies":[{"name":"wp","href":"https:\/\/api.w.org\/{rel}","templated":true}]}}