{"id":26376,"date":"2011-12-30T00:00:00","date_gmt":"2011-12-30T02:00:00","guid":{"rendered":"https:\/\/www.zecadirceu.com.br\/moreira-sales-recebe-r-114-mil-em-recursos-federais-para-situacao-de-emergencia\/"},"modified":"2011-12-30T00:00:00","modified_gmt":"2011-12-30T02:00:00","slug":"moreira-sales-recebe-r-114-mil-em-recursos-federais-para-situacao-de-emergencia","status":"publish","type":"post","link":"https:\/\/teste.bsb.br\/zeca\/moreira-sales-recebe-r-114-mil-em-recursos-federais-para-situacao-de-emergencia\/","title":{"rendered":"Moreira Sales recebe  R$ 114 mil em recursos federais para situa\u00e7\u00e3o de emerg\u00eancia"},"content":{"rendered":"<p>&nbsp;<span style=\"text-align: justify; font-size: 12pt; line-height: 115%; font-family: Arial, sans-serif; \">Foi anunciada, no &uacute;ltimo dia 28, a libera&ccedil;&atilde;o de recursos do Minist&eacute;rio da Integra&ccedil;&atilde;o Nacional para pagamento de uma parcela, do termo de compromisso no valor de R$ 114 mil. <\/span><span style=\"text-align: justify; font-size: 12pt; line-height: 115%; font-family: Arial, sans-serif; \">Os recursos ser&atilde;o utilizados para obras de preven&ccedil;&atilde;o, reconstru&ccedil;&atilde;o e a&ccedil;&otilde;es de assist&ecirc;ncia para a popula&ccedil;&atilde;o afetada por desastres naturais. As negocia&ccedil;&otilde;es foram acompanhadas pelo deputado federal Zeca Dirceu,em Bras&iacute;lia, para que o munic&iacute;pio recebesse o valor total de R$ 510 mil.<\/span><\/p>\n<p class=\"MsoNormal\" style=\"text-align:justify\"><span style=\"font-size:12.0pt;\nline-height:115%;font-family:&quot;Arial&quot;,&quot;sans-serif&quot;;mso-fareast-font-family:&quot;Times New Roman&quot;;\nmso-fareast-language:PT-BR\">&ldquo;A libera&ccedil;&atilde;o desses recursos para Moreira Sales &eacute; importante para atender &agrave;s pessoas afetadas pelos desastres&rdquo;, ressaltou Zeca Dirceu.<o:p><\/o:p><\/span><\/p>\n<p class=\"MsoNormal\" style=\"text-align:justify\"><span style=\"font-size:12.0pt;\nline-height:115%;font-family:&quot;Arial&quot;,&quot;sans-serif&quot;;mso-fareast-font-family:&quot;Times New Roman&quot;;\nmso-fareast-language:PT-BR\">Esse montante esta incluso nos recursos liberados pelo Minist&eacute;rio da Integra&ccedil;&atilde;o Nacional para a&ccedil;&otilde;es de defesa civil, por meio da Medida provis&oacute;ria n&ordm; 553. Trata-se de R$ 533,58 milh&otilde;es voltados &agrave;s obras preventivas e &agrave;s iniciativas em respostas aos desastres e reconstru&ccedil;&atilde;o.<\/span><span style=\"font-size:12.0pt;line-height:115%;font-family:&quot;Arial&quot;,&quot;sans-serif&quot;\"><o:p><\/o:p><\/span><\/p>\n<p class=\"MsoNormal\"><span style=\"font-size:12.0pt;line-height:115%;font-family:\n&quot;Arial&quot;,&quot;sans-serif&quot;;mso-fareast-font-family:&quot;Times New Roman&quot;;mso-fareast-language:\nPT-BR\">Mais de tr&ecirc;s mil munic&iacute;pios est&atilde;o cadastrados na Defesa Civil sendo que, para acessar os recursos, os munic&iacute;pios devem manter contato com a Secretaria Nacional de Defesa Civil pelas p&aacute;ginas Minist&eacute;rio da Integra&ccedil;&atilde;o Nacional e da Secretaria de Defesa Civil na internet.<\/span><span style=\"font-size:12.0pt;\nline-height:115%;font-family:&quot;Arial&quot;,&quot;sans-serif&quot;\"><o:p><\/o:p><\/span><\/p>\n","protected":false},"excerpt":{"rendered":"<p>Foi anunciada, no \u00faltimo dia 28, a libera\u00e7\u00e3o de recursos do Minist\u00e9rio da Integra\u00e7\u00e3o Nacional para pagamento de uma parcela, do termo de compromisso no valor de R$ 114 mil. Os recursos ser\u00e3o utilizados para obras de preven\u00e7\u00e3o, reconstru\u00e7\u00e3o e a\u00e7\u00f5es de assist\u00eancia para a popula\u00e7\u00e3o afetada por desastres naturais. As negocia\u00e7\u00f5es foram acompanhadas pelo deputado federal Zeca Dirceu,em Bras\u00edlia, para que o munic\u00edpio recebesse o valor total de R$ 510 mil.<\/p>\n","protected":false},"author":1,"featured_media":26375,"comment_status":"open","ping_status":"open","sticky":false,"template":"","format":"standard","meta":{"footnotes":""},"categories":[1],"tags":[5916],"class_list":["post-26376","post","type-post","status-publish","format-standard","has-post-thumbnail","hentry","category-noticias-zeca-dirceu","tag-moreira-sales-recebe-r-114-mil-em-recursos-federais-para-situacao-de-emergencia"],"_links":{"self":[{"href":"https:\/\/teste.bsb.br\/zeca\/wp-json\/wp\/v2\/posts\/26376","targetHints":{"allow":["GET"]}}],"collection":[{"href":"https:\/\/teste.bsb.br\/zeca\/wp-json\/wp\/v2\/posts"}],"about":[{"href":"https:\/\/teste.bsb.br\/zeca\/wp-json\/wp\/v2\/types\/post"}],"author":[{"embeddable":true,"href":"https:\/\/teste.bsb.br\/zeca\/wp-json\/wp\/v2\/users\/1"}],"replies":[{"embeddable":true,"href":"https:\/\/teste.bsb.br\/zeca\/wp-json\/wp\/v2\/comments?post=26376"}],"version-history":[{"count":0,"href":"https:\/\/teste.bsb.br\/zeca\/wp-json\/wp\/v2\/posts\/26376\/revisions"}],"wp:featuredmedia":[{"embeddable":true,"href":"https:\/\/teste.bsb.br\/zeca\/wp-json\/wp\/v2\/media\/26375"}],"wp:attachment":[{"href":"https:\/\/teste.bsb.br\/zeca\/wp-json\/wp\/v2\/media?parent=26376"}],"wp:term":[{"taxonomy":"category","embeddable":true,"href":"https:\/\/teste.bsb.br\/zeca\/wp-json\/wp\/v2\/categories?post=26376"},{"taxonomy":"post_tag","embeddable":true,"href":"https:\/\/teste.bsb.br\/zeca\/wp-json\/wp\/v2\/tags?post=26376"}],"curies":[{"name":"wp","href":"https:\/\/api.w.org\/{rel}","templated":true}]}}