{"id":26370,"date":"2012-01-01T00:00:00","date_gmt":"2012-01-01T02:00:00","guid":{"rendered":"https:\/\/www.zecadirceu.com.br\/pt-se-prepara-para-disputa-eleitoral-de-2012-e-reune-executivo-e-legislativo\/"},"modified":"2012-01-01T00:00:00","modified_gmt":"2012-01-01T02:00:00","slug":"pt-se-prepara-para-disputa-eleitoral-de-2012-e-reune-executivo-e-legislativo","status":"publish","type":"post","link":"https:\/\/teste.bsb.br\/zeca\/pt-se-prepara-para-disputa-eleitoral-de-2012-e-reune-executivo-e-legislativo\/","title":{"rendered":"PT se prepara para disputa eleitoral de 2012 e re\u00fane executivo e legislativo"},"content":{"rendered":"<p>&nbsp;<span style=\"color: rgb(51, 51, 51); font-family: Arial, Helvetica, sans-serif; line-height: 16px; \">O Partido dos Trabalhadores j&aacute; come&ccedil;ou a mobiliza&ccedil;&atilde;o para as elei&ccedil;&otilde;es municipais de 2012. O primeiro evento desta agenda pol&iacute;tica &eacute; a realiza&ccedil;&atilde;o do Encontro Nacional de Prefeitos e Prefeitas e de Deputados e Deputadas Estaduais Petistas. O evento acontece em Bras&iacute;lia no dia 10 de fevereiro de 2012. &ldquo;O que n&oacute;s queremos nesse dia &eacute; refletir e tra&ccedil;ar as orienta&ccedil;&otilde;es para as elei&ccedil;&otilde;es municipais. Daqui sair&aacute; a linha que os nossos candidatos v&atilde;o adotar na pr&oacute;xima disputa eleitoral&rdquo;, ressalta o Secret&aacute;rio Nacional de Assuntos Institucionais do PT, Geraldo Magela.<br \/>\n<\/span><\/p>\n<p style=\"margin-top: 3px; margin-right: 0px; margin-bottom: 10px; margin-left: 0px; padding-top: 0px; padding-right: 0px; padding-bottom: 0px; padding-left: 0px; line-height: 16px; color: rgb(51, 51, 51); font-family: Arial, Helvetica, sans-serif; \">\nOs mais de 500 prefeitos e 140 deputados estaduais petistas que vierem ao Encontro tamb&eacute;m v&atilde;o participar das comemora&ccedil;&otilde;es pelo 32&ordm; anivers&aacute;rio do PT, comemorado no mesmo dia. &ldquo;Queremos com isso marcar para o Brasil todo a import&acirc;ncia de 2012 para o nosso partido. Vamos ter um ato de comemora&ccedil;&atilde;o do anivers&aacute;rio do PT no mesmo dia, ao final da tarde &#8211; in&iacute;cio da noite &ndash; com a presen&ccedil;a da presidenta Dilma. Esperamos contar tamb&eacute;m com a presen&ccedil;a do ex-presidente Lula&rdquo; &ndash;explica Magela sobre a coincid&ecirc;ncia das datas do evento e de anivers&aacute;rio do partido.&nbsp;<\/p>\n<p style=\"margin-top: 3px; margin-right: 0px; margin-bottom: 10px; margin-left: 0px; padding-top: 0px; padding-right: 0px; padding-bottom: 0px; padding-left: 0px; line-height: 16px; color: rgb(51, 51, 51); font-family: Arial, Helvetica, sans-serif; \">O secret&aacute;rio ressalta a import&acirc;ncia das elei&ccedil;&otilde;es municipais do ano que vem para o PT: &ldquo;al&eacute;m de estarmos disputando o poder municipal, onde as pessoas vivem, n&oacute;s tamb&eacute;m precisamos criar as bases de sustenta&ccedil;&atilde;o do nosso projeto nacional. N&oacute;s estamos no terceiro mandato de um grande projeto de transforma&ccedil;&atilde;o nacional. Essa transforma&ccedil;&atilde;o tem que se dar no plano nacional, nos estados e principalmente nos munic&iacute;pios. O fato do PT crescer nas elei&ccedil;&otilde;es municipais ajuda na sustenta&ccedil;&atilde;o do nosso projeto nacional&rdquo;.<\/p>\n<p style=\"margin-top: 3px; margin-right: 0px; margin-bottom: 10px; margin-left: 0px; padding-top: 0px; padding-right: 0px; padding-bottom: 0px; padding-left: 0px; line-height: 16px; color: rgb(51, 51, 51); font-family: Arial, Helvetica, sans-serif; \"><br style=\"margin-top: 0px; margin-right: 0px; margin-bottom: 0px; margin-left: 0px; padding-top: 0px; padding-right: 0px; padding-bottom: 0px; padding-left: 0px; \" \/><br \/>\n(Jamila Gontijo &ndash; Portal do PT)<\/p>\n<p><br class=\"Apple-interchange-newline\" \/><\/p>\n","protected":false},"excerpt":{"rendered":"<p>O Partido dos Trabalhadores j\u00e1 come\u00e7ou a mobiliza\u00e7\u00e3o para as elei\u00e7\u00f5es municipais de 2012. O primeiro evento desta agenda pol\u00edtica \u00e9 a realiza\u00e7\u00e3o do Encontro Nacional de Prefeitos e Prefeitas e de Deputados e Deputadas Estaduais Petistas. O evento acontece em Bras\u00edlia no dia 10 de fevereiro de 2012.<\/p>\n","protected":false},"author":1,"featured_media":26369,"comment_status":"open","ping_status":"open","sticky":false,"template":"","format":"standard","meta":{"footnotes":""},"categories":[1],"tags":[5912],"class_list":["post-26370","post","type-post","status-publish","format-standard","has-post-thumbnail","hentry","category-noticias-zeca-dirceu","tag-pt-se-prepara-para-disputa-eleitoral-de-2012-e-reune-executivo-e-legislativo"],"_links":{"self":[{"href":"https:\/\/teste.bsb.br\/zeca\/wp-json\/wp\/v2\/posts\/26370","targetHints":{"allow":["GET"]}}],"collection":[{"href":"https:\/\/teste.bsb.br\/zeca\/wp-json\/wp\/v2\/posts"}],"about":[{"href":"https:\/\/teste.bsb.br\/zeca\/wp-json\/wp\/v2\/types\/post"}],"author":[{"embeddable":true,"href":"https:\/\/teste.bsb.br\/zeca\/wp-json\/wp\/v2\/users\/1"}],"replies":[{"embeddable":true,"href":"https:\/\/teste.bsb.br\/zeca\/wp-json\/wp\/v2\/comments?post=26370"}],"version-history":[{"count":0,"href":"https:\/\/teste.bsb.br\/zeca\/wp-json\/wp\/v2\/posts\/26370\/revisions"}],"wp:featuredmedia":[{"embeddable":true,"href":"https:\/\/teste.bsb.br\/zeca\/wp-json\/wp\/v2\/media\/26369"}],"wp:attachment":[{"href":"https:\/\/teste.bsb.br\/zeca\/wp-json\/wp\/v2\/media?parent=26370"}],"wp:term":[{"taxonomy":"category","embeddable":true,"href":"https:\/\/teste.bsb.br\/zeca\/wp-json\/wp\/v2\/categories?post=26370"},{"taxonomy":"post_tag","embeddable":true,"href":"https:\/\/teste.bsb.br\/zeca\/wp-json\/wp\/v2\/tags?post=26370"}],"curies":[{"name":"wp","href":"https:\/\/api.w.org\/{rel}","templated":true}]}}