{"id":26352,"date":"2012-01-02T00:00:00","date_gmt":"2012-01-02T02:00:00","guid":{"rendered":"https:\/\/www.zecadirceu.com.br\/turvo-tem-r-12-milhao-para-o-transporte-escolar-do-municipio\/"},"modified":"2012-01-02T00:00:00","modified_gmt":"2012-01-02T02:00:00","slug":"turvo-tem-r-12-milhao-para-o-transporte-escolar-do-municipio","status":"publish","type":"post","link":"https:\/\/teste.bsb.br\/zeca\/turvo-tem-r-12-milhao-para-o-transporte-escolar-do-municipio\/","title":{"rendered":"Turvo tem R$ 1,2 milh\u00e3o para o transporte escolar do munic\u00edpio"},"content":{"rendered":"<p>&nbsp;O Governo Federal pagou na &uacute;ltima semana de dezembro de 2011, os recursos destinados ao transporte escolar em v&aacute;rias regi&otilde;es do Paran&aacute;, no &acirc;mbito do Programa Caminho da Escola. Quem anunciou foi o deputado federal Zeca Dirceu (PT-PR), respons&aacute;vel pelas tratativas junto ao Fundo Nacional de Desenvolvimento da Educa&ccedil;&atilde;o (FNDE), sendo R$ 1.201.440,00 destinados ao munic&iacute;pio de Turvo.<\/p>\n<p class=\"MsoNormal\"><o:p><\/o:p><\/p>\n<p class=\"MsoNormal\">O valor recebido por Turvo ser&aacute; investido na aquisi&ccedil;&atilde;o de seis &ocirc;nibus, sendo dois de porte grande, dois m&eacute;dios, um pequeno e um modelo 4X4 tra&ccedil;ado. &ldquo;Sem d&uacute;vida, a aquisi&ccedil;&atilde;o dos ve&iacute;culos vai diminuir de forma significativa a evas&atilde;o escolar e dar condi&ccedil;&otilde;es dignas aos alunos do meio rural para se deslocarem at&eacute; as institui&ccedil;&otilde;es de ensino&rdquo;, analisou o deputado Zeca Dirceu.<o:p><\/o:p><\/p>\n<p class=\"MsoNormal\">Este montante foi destinado exclusivamente aos munic&iacute;pios com at&eacute; 50 mil habitantes e integrantes do Territ&oacute;rio da Cidadania, programa que visa promover o desenvolvimento econ&ocirc;mico e universalizar programas b&aacute;sicos de cidadania.<o:p><\/o:p><\/p>\n<p class=\"MsoNormal\">Programa Caminho da Escola<o:p><\/o:p><\/p>\n<p class=\"MsoNormal\">O programa foi criado em 2007 com o objetivo de renovar a frota de ve&iacute;culos escolares, garantir seguran&ccedil;a e qualidade ao transporte dos estudantes e contribuir para ampliar, por meio do transporte di&aacute;rio, o acesso e a perman&ecirc;ncia na escola dos estudantes matriculados na educa&ccedil;&atilde;o b&aacute;sica da zona rural das redes estaduais e municipais.<\/p>\n","protected":false},"excerpt":{"rendered":"<p>O Governo Federal pagou na \u00faltima semana de dezembro de 2011, os recursos destinados ao transporte escolar em v\u00e1rias regi\u00f5es do Paran\u00e1, no \u00e2mbito do Programa Caminho da Escola. Quem anunciou foi o deputado federal Zeca Dirceu (PT-PR), respons\u00e1vel pelas tratativas junto ao Fundo Nacional de Desenvolvimento da Educa\u00e7\u00e3o (FNDE), sendo R$ 1.201.440,00 destinados ao munic\u00edpio de Turvo.<\/p>\n","protected":false},"author":1,"featured_media":26351,"comment_status":"open","ping_status":"open","sticky":false,"template":"","format":"standard","meta":{"footnotes":""},"categories":[1],"tags":[5901,5900],"class_list":["post-26352","post","type-post","status-publish","format-standard","has-post-thumbnail","hentry","category-noticias-zeca-dirceu","tag-2-milhao-para-aquisicao-de-transporte-escolar","tag-turvo-tera-r-1"],"_links":{"self":[{"href":"https:\/\/teste.bsb.br\/zeca\/wp-json\/wp\/v2\/posts\/26352","targetHints":{"allow":["GET"]}}],"collection":[{"href":"https:\/\/teste.bsb.br\/zeca\/wp-json\/wp\/v2\/posts"}],"about":[{"href":"https:\/\/teste.bsb.br\/zeca\/wp-json\/wp\/v2\/types\/post"}],"author":[{"embeddable":true,"href":"https:\/\/teste.bsb.br\/zeca\/wp-json\/wp\/v2\/users\/1"}],"replies":[{"embeddable":true,"href":"https:\/\/teste.bsb.br\/zeca\/wp-json\/wp\/v2\/comments?post=26352"}],"version-history":[{"count":0,"href":"https:\/\/teste.bsb.br\/zeca\/wp-json\/wp\/v2\/posts\/26352\/revisions"}],"wp:featuredmedia":[{"embeddable":true,"href":"https:\/\/teste.bsb.br\/zeca\/wp-json\/wp\/v2\/media\/26351"}],"wp:attachment":[{"href":"https:\/\/teste.bsb.br\/zeca\/wp-json\/wp\/v2\/media?parent=26352"}],"wp:term":[{"taxonomy":"category","embeddable":true,"href":"https:\/\/teste.bsb.br\/zeca\/wp-json\/wp\/v2\/categories?post=26352"},{"taxonomy":"post_tag","embeddable":true,"href":"https:\/\/teste.bsb.br\/zeca\/wp-json\/wp\/v2\/tags?post=26352"}],"curies":[{"name":"wp","href":"https:\/\/api.w.org\/{rel}","templated":true}]}}