{"id":26350,"date":"2012-01-02T00:00:00","date_gmt":"2012-01-02T02:00:00","guid":{"rendered":"https:\/\/www.zecadirceu.com.br\/governo-federal-paga-r-12-milhao-para-municipio-de-candoi\/"},"modified":"2012-01-02T00:00:00","modified_gmt":"2012-01-02T02:00:00","slug":"governo-federal-paga-r-12-milhao-para-municipio-de-candoi","status":"publish","type":"post","link":"https:\/\/teste.bsb.br\/zeca\/governo-federal-paga-r-12-milhao-para-municipio-de-candoi\/","title":{"rendered":"Governo Federal paga R$ 1,2 milh\u00e3o para munic\u00edpio de Cand\u00f3i"},"content":{"rendered":"<p><span style=\"font-family: Tahoma, sans-serif; \">Foram pagos recursos pelo Governo Federal, na &uacute;ltima semana de dezembro, para aquisi&ccedil;&atilde;o de ve&iacute;culos destinados ao transporte escolar em v&aacute;rias regi&otilde;es do Paran&aacute;, no &acirc;mbito do Programa Caminho da Escola. Quem anunciou foi o deputado federal Zeca Dirceu (PT-PR), respons&aacute;vel pelas tratativas junto ao Fundo Nacional de Desenvolvimento da Educa&ccedil;&atilde;o (FNDE), sendo R$ 1.201.440,00 destinados ao munic&iacute;pio de Cand&oacute;i.<\/span><\/p>\n<p class=\"MsoNormal\" style=\"margin-bottom: 0.0001pt; \"><span style=\"mso-bidi-font-size:12.0pt;font-family:&quot;Tahoma&quot;,&quot;sans-serif&quot;;\nmso-fareast-font-family:&quot;Times New Roman&quot;;mso-fareast-language:PT-BR\">O valor recebido por Cand&oacute;i ser&aacute; investido na aquisi&ccedil;&atilde;o de seis &ocirc;nibus, sendo dois de porte grande, dois m&eacute;dios, um pequeno e um modelo 4X4 tra&ccedil;ado. &ldquo;Sem d&uacute;vida, a aquisi&ccedil;&atilde;o dos ve&iacute;culos vai diminuir de forma significativa a evas&atilde;o escolar e dar condi&ccedil;&otilde;es dignas aos alunos do meio rural para se deslocarem at&eacute; as institui&ccedil;&otilde;es de ensino&rdquo;, analisa o deputado Zeca Dirceu.<\/p>\n<p>As verbas foram destinadas exclusivamente aos munic&iacute;pios com at&eacute; 50 mil habitantes e integrantes do Territ&oacute;rio da Cidadania, programa que visa promover o desenvolvimento econ&ocirc;mico e universalizar programas b&aacute;sicos de cidadania.<o:p><\/o:p><\/span><font face=\"Tahoma, sans-serif\"><br \/>\n<\/font><\/p>\n<p class=\"MsoNormal\" style=\"margin-bottom: 0.0001pt; \"><span style=\"mso-bidi-font-size:12.0pt;font-family:&quot;Tahoma&quot;,&quot;sans-serif&quot;;\nmso-fareast-font-family:&quot;Times New Roman&quot;;mso-fareast-language:PT-BR\">Fundada em 27 de agosto de 1990, o munic&iacute;pio de Cand&oacute;i possui uma popula&ccedil;&atilde;o de, aproximadamente, 16 mil habitantes, <\/span><span style=\"font-family: Tahoma, sans-serif; \">sendo 40% residentes na &aacute;rea urbana e os demais na &aacute;rea rural.<\/span><span style=\"mso-bidi-font-size:\n12.0pt;font-family:&quot;Tahoma&quot;,&quot;sans-serif&quot;;mso-fareast-font-family:&quot;Times New Roman&quot;;\nmso-fareast-language:PT-BR\"><o:p><\/o:p><\/span><\/p>\n<p class=\"MsoNormal\" style=\"text-align: justify; \"><b><span style=\"mso-bidi-font-size:12.0pt;\nfont-family:&quot;Tahoma&quot;,&quot;sans-serif&quot;;mso-fareast-font-family:&quot;Times New Roman&quot;;\nmso-fareast-language:PT-BR\">Programa Caminho da Escola<\/span><\/b><span style=\"mso-bidi-font-size:12.0pt;font-family:&quot;Times New Roman&quot;,&quot;serif&quot;;\nmso-fareast-font-family:&quot;Times New Roman&quot;;mso-fareast-language:PT-BR\"><o:p><\/o:p><\/span><\/p>\n<p class=\"MsoNormal\" style=\"text-align: justify; \"><span style=\"mso-bidi-font-size:12.0pt;\nfont-family:&quot;Tahoma&quot;,&quot;sans-serif&quot;;mso-fareast-font-family:&quot;Times New Roman&quot;;\nmso-fareast-language:PT-BR\">O programa foi criado em 2007 com o objetivo de renovar a frota de ve&iacute;culos escolares, garantir seguran&ccedil;a e qualidade ao transporte dos estudantes e contribuir para ampliar, por meio do transporte di&aacute;rio, o acesso e a perman&ecirc;ncia na escola dos estudantes matriculados na educa&ccedil;&atilde;o b&aacute;sica da zona rural das redes estaduais e municipais.<\/span><span style=\"mso-bidi-font-size:12.0pt;font-family:&quot;Times New Roman&quot;,&quot;serif&quot;;\nmso-fareast-font-family:&quot;Times New Roman&quot;;mso-fareast-language:PT-BR\"><o:p><\/o:p><\/span><\/p>\n<p><span style=\"font-size:11.0pt;mso-bidi-font-size:12.0pt;line-height:115%;\nfont-family:&quot;Tahoma&quot;,&quot;sans-serif&quot;;mso-fareast-font-family:Calibri;mso-fareast-theme-font:\nminor-latin;mso-ansi-language:PT-BR;mso-fareast-language:EN-US;mso-bidi-language:\nAR-SA\"><br clear=\"all\" style=\"mso-special-character:line-break;page-break-before:\nalways\" \/><br \/>\n<\/span><\/p>\n<p class=\"MsoNormal\"><span style=\"font-size:10.0pt;mso-bidi-font-size:11.0pt;\nline-height:115%\"><o:p>&nbsp;<\/o:p><\/span><\/p>\n","protected":false},"excerpt":{"rendered":"<p>Foram pagos recursos pelo Governo Federal, na \u00faltima semana de dezembro, para aquisi\u00e7\u00e3o de ve\u00edculos destinados ao transporte escolar em v\u00e1rias regi\u00f5es do Paran\u00e1, no \u00e2mbito do Programa Caminho da Escola. Quem anunciou foi o deputado federal Zeca Dirceu (PT-PR), respons\u00e1vel pelas tratativas junto ao Fundo Nacional de Desenvolvimento da Educa\u00e7\u00e3o (FNDE), sendo R$ 1.201.440,00 destinados ao munic\u00edpio de Cand\u00f3i.<\/p>\n","protected":false},"author":1,"featured_media":26349,"comment_status":"open","ping_status":"open","sticky":false,"template":"","format":"standard","meta":{"footnotes":""},"categories":[1],"tags":[5899],"class_list":["post-26350","post","type-post","status-publish","format-standard","has-post-thumbnail","hentry","category-noticias-zeca-dirceu","tag-governo-federal-paga-r-1-2-milhao-para-municipio-de-candoi"],"_links":{"self":[{"href":"https:\/\/teste.bsb.br\/zeca\/wp-json\/wp\/v2\/posts\/26350","targetHints":{"allow":["GET"]}}],"collection":[{"href":"https:\/\/teste.bsb.br\/zeca\/wp-json\/wp\/v2\/posts"}],"about":[{"href":"https:\/\/teste.bsb.br\/zeca\/wp-json\/wp\/v2\/types\/post"}],"author":[{"embeddable":true,"href":"https:\/\/teste.bsb.br\/zeca\/wp-json\/wp\/v2\/users\/1"}],"replies":[{"embeddable":true,"href":"https:\/\/teste.bsb.br\/zeca\/wp-json\/wp\/v2\/comments?post=26350"}],"version-history":[{"count":0,"href":"https:\/\/teste.bsb.br\/zeca\/wp-json\/wp\/v2\/posts\/26350\/revisions"}],"wp:featuredmedia":[{"embeddable":true,"href":"https:\/\/teste.bsb.br\/zeca\/wp-json\/wp\/v2\/media\/26349"}],"wp:attachment":[{"href":"https:\/\/teste.bsb.br\/zeca\/wp-json\/wp\/v2\/media?parent=26350"}],"wp:term":[{"taxonomy":"category","embeddable":true,"href":"https:\/\/teste.bsb.br\/zeca\/wp-json\/wp\/v2\/categories?post=26350"},{"taxonomy":"post_tag","embeddable":true,"href":"https:\/\/teste.bsb.br\/zeca\/wp-json\/wp\/v2\/tags?post=26350"}],"curies":[{"name":"wp","href":"https:\/\/api.w.org\/{rel}","templated":true}]}}