{"id":26348,"date":"2012-01-02T00:00:00","date_gmt":"2012-01-02T02:00:00","guid":{"rendered":"https:\/\/www.zecadirceu.com.br\/r-770-mil-para-o-transporte-escolar-de-nova-laranjeiras\/"},"modified":"2012-01-02T00:00:00","modified_gmt":"2012-01-02T02:00:00","slug":"r-770-mil-para-o-transporte-escolar-de-nova-laranjeiras","status":"publish","type":"post","link":"https:\/\/teste.bsb.br\/zeca\/r-770-mil-para-o-transporte-escolar-de-nova-laranjeiras\/","title":{"rendered":"R$ 770 mil para o transporte escolar de Nova Laranjeiras"},"content":{"rendered":"<p>&nbsp;Na &uacute;ltima semana de dezembro foram pagos pelo Governo Federal, recursos destinados ao transporte escolar em v&aacute;rias regi&otilde;es do Paran&aacute;, no &acirc;mbito do Programa Caminho da Escola. As tratativas acompanhadas pelo deputado federal Zeca Dirceu (PT-PR), junto ao Fundo Nacional de Desenvolvimento da Educa&ccedil;&atilde;o (FNDE), comemoraram o valor de R$ 771.680,00 destinados ao munic&iacute;pio de Nova Laranjeiras.<\/p>\n<p class=\"MsoNormal\"><o:p><\/o:p><\/p>\n<p class=\"MsoNormal\">O valor recebido por Nova Laranjeiras ser&aacute; investido na aquisi&ccedil;&atilde;o de quatro &ocirc;nibus, sendo dois de porte grande, dois pequeno e dois modelo 4X4 tra&ccedil;ado. &ldquo;Sem d&uacute;vida, a aquisi&ccedil;&atilde;o dos ve&iacute;culos vai diminuir de forma significativa a evas&atilde;o escolar e dar condi&ccedil;&otilde;es dignas aos alunos do meio rural para se deslocarem at&eacute; as institui&ccedil;&otilde;es de ensino&rdquo;, analisa o deputado Zeca Dirceu.<o:p><\/o:p><\/p>\n<p class=\"MsoNormal\">Este montante foi destinado exclusivamente aos munic&iacute;pios com at&eacute; 50 mil habitantes e integrantes do Territ&oacute;rio da Cidadania, programa que visa promover o desenvolvimento econ&ocirc;mico e universalizar programas b&aacute;sicos de cidadania.<o:p><\/o:p><\/p>\n<p class=\"MsoNormal\">Programa Caminho da Escola<o:p><\/o:p><\/p>\n<p class=\"MsoNormal\">O programa foi criado em 2007 com o objetivo de renovar a frota de ve&iacute;culos escolares, garantir seguran&ccedil;a e qualidade ao transporte dos estudantes e contribuir para ampliar, por meio do transporte di&aacute;rio, o acesso e a perman&ecirc;ncia na escola dos estudantes matriculados na educa&ccedil;&atilde;o b&aacute;sica da zona rural das redes estaduais e municipais.<\/p>\n","protected":false},"excerpt":{"rendered":"<p>Na \u00faltima semana de dezembro foram pagos pelo Governo Federal, recursos destinados ao transporte escolar em v\u00e1rias regi\u00f5es do Paran\u00e1, no \u00e2mbito do Programa Caminho da Escola. As tratativas acompanhadas pelo deputado federal Zeca Dirceu (PT-PR), junto ao Fundo Nacional de Desenvolvimento da Educa\u00e7\u00e3o (FNDE), comemoraram o valor de R$ 771.680,00 destinados ao munic\u00edpio de Nova Laranjeiras.<\/p>\n","protected":false},"author":1,"featured_media":26347,"comment_status":"open","ping_status":"open","sticky":false,"template":"","format":"standard","meta":{"footnotes":""},"categories":[1],"tags":[5898],"class_list":["post-26348","post","type-post","status-publish","format-standard","has-post-thumbnail","hentry","category-noticias-zeca-dirceu","tag-r-770-mil-para-o-transporte-escolar-de-nova-laranjeiras"],"_links":{"self":[{"href":"https:\/\/teste.bsb.br\/zeca\/wp-json\/wp\/v2\/posts\/26348","targetHints":{"allow":["GET"]}}],"collection":[{"href":"https:\/\/teste.bsb.br\/zeca\/wp-json\/wp\/v2\/posts"}],"about":[{"href":"https:\/\/teste.bsb.br\/zeca\/wp-json\/wp\/v2\/types\/post"}],"author":[{"embeddable":true,"href":"https:\/\/teste.bsb.br\/zeca\/wp-json\/wp\/v2\/users\/1"}],"replies":[{"embeddable":true,"href":"https:\/\/teste.bsb.br\/zeca\/wp-json\/wp\/v2\/comments?post=26348"}],"version-history":[{"count":0,"href":"https:\/\/teste.bsb.br\/zeca\/wp-json\/wp\/v2\/posts\/26348\/revisions"}],"wp:featuredmedia":[{"embeddable":true,"href":"https:\/\/teste.bsb.br\/zeca\/wp-json\/wp\/v2\/media\/26347"}],"wp:attachment":[{"href":"https:\/\/teste.bsb.br\/zeca\/wp-json\/wp\/v2\/media?parent=26348"}],"wp:term":[{"taxonomy":"category","embeddable":true,"href":"https:\/\/teste.bsb.br\/zeca\/wp-json\/wp\/v2\/categories?post=26348"},{"taxonomy":"post_tag","embeddable":true,"href":"https:\/\/teste.bsb.br\/zeca\/wp-json\/wp\/v2\/tags?post=26348"}],"curies":[{"name":"wp","href":"https:\/\/api.w.org\/{rel}","templated":true}]}}