{"id":26326,"date":"2012-01-04T00:00:00","date_gmt":"2012-01-04T02:00:00","guid":{"rendered":"https:\/\/www.zecadirceu.com.br\/municipios-do-parana-recebem-recursos-federais-para-acoes-de-prevencao-da-dengue\/"},"modified":"2012-01-04T00:00:00","modified_gmt":"2012-01-04T02:00:00","slug":"municipios-do-parana-recebem-recursos-federais-para-acoes-de-prevencao-da-dengue","status":"publish","type":"post","link":"https:\/\/teste.bsb.br\/zeca\/municipios-do-parana-recebem-recursos-federais-para-acoes-de-prevencao-da-dengue\/","title":{"rendered":"Munic\u00edpios do Paran\u00e1 recebem recursos federais para a\u00e7\u00f5es de preven\u00e7\u00e3o da dengue"},"content":{"rendered":"<p>&nbsp;Foi divulgado pelo Minist&eacute;rio da Sa&uacute;de os nomes dos 31 munic&iacute;pios que ir&atilde;o receber o repasse dos valores de recursos federais a serem aplicados no incentivo de qualifica&ccedil;&atilde;o das a&ccedil;&otilde;es de preven&ccedil;&atilde;o e controle da dengue. Os recursos, que ser&atilde;o pagos em uma cota &uacute;nica, de acordo com a proposta individual de cada munic&iacute;pio, atrav&eacute;s do Fundo Nacional de Sa&uacute;de (FNS), tiveram o acompanhamento do deputado federal Zeca Dirceu (PT &ndash; PR).<\/p>\n<p class=\"MsoNormal\">&ldquo;Investir em a&ccedil;&otilde;es de preven&ccedil;&atilde;o e controle da dengue ressalta a preocupa&ccedil;&atilde;o que todos n&oacute;s devemos ter com a sa&uacute;de da popula&ccedil;&atilde;o e mostra a import&acirc;ncia de direcionar recursos para a qualifica&ccedil;&atilde;o dos servi&ccedil;os nessa &aacute;rea&rdquo;, enfatizou o parlamentar Zeca Dirceu.<\/p>\n<p class=\"MsoNormal\">Os recursos or&ccedil;ament&aacute;rios destinados aos munic&iacute;pios selecionados correr&atilde;o por conta do or&ccedil;amento do Minist&eacute;rio da Sa&uacute;de, sendo que fazem parte de investimentos na rede de servi&ccedil;os de Sa&uacute;de.<\/p>\n<p class=\"MsoNormal\">&nbsp;Os munic&iacute;pios selecionados foram:<\/p>\n<p class=\"MsoNormal\" style=\"margin-bottom:0cm;margin-bottom:.0001pt\">Anahy, com recursos na ordem de R$2.531,12<\/p>\n<p class=\"MsoNormal\" style=\"margin-bottom:0cm;margin-bottom:.0001pt\">Barra do Jacar&eacute;, com recursos na ordem de R$2.572,20<\/p>\n<p class=\"MsoNormal\" style=\"margin-bottom:0cm;margin-bottom:.0001pt\">Cidade Ga&uacute;cha, com recursos na ordem de R$4.587,03<\/p>\n<p class=\"MsoNormal\" style=\"margin-bottom:0cm;margin-bottom:.0001pt\">Corb&eacute;lia, com recursos na ordem de R$6.862,46<\/p>\n<p class=\"MsoNormal\" style=\"margin-bottom:0cm;margin-bottom:.0001pt\">Corumbata&iacute; do Sul, com recursos na ordem de R$2.397,44<\/p>\n<p class=\"MsoNormal\" style=\"margin-bottom:0cm;margin-bottom:.0001pt\">Cruzeiro do Sul, com recursos na ordem de R$2.567,89<\/p>\n<p class=\"MsoNormal\" style=\"margin-bottom:0cm;margin-bottom:.0001pt\">Engenheiro Beltr&atilde;o, com recursos na ordem de R$5.954,78<\/p>\n<p class=\"MsoNormal\" style=\"margin-bottom:0cm;margin-bottom:.0001pt\">Inaj&aacute;, com recursos na ordem de R$2.733,92<\/p>\n<p class=\"MsoNormal\" style=\"margin-bottom:0cm;margin-bottom:.0001pt\">Iracema do Oeste, com recursos na ordem de R$2.478,36<\/p>\n<p class=\"MsoNormal\" style=\"margin-bottom:0cm;margin-bottom:.0001pt\">Jardim Olinda, com recursos na ordem de R$2.636,77<\/p>\n<p class=\"MsoNormal\" style=\"margin-bottom:0cm;margin-bottom:.0001pt\">Jesu&iacute;tas, com recursos na ordem de R$3.701,56<\/p>\n<p class=\"MsoNormal\" style=\"margin-bottom:0cm;margin-bottom:.0001pt\">Loanda, com recursos na ordem de R$9.284,25<\/p>\n<p class=\"MsoNormal\" style=\"margin-bottom:0cm;margin-bottom:.0001pt\">Mariluz, com recursos na ordem de R$4.408,51<\/p>\n<p class=\"MsoNormal\" style=\"margin-bottom:0cm;margin-bottom:.0001pt\">Mercedes, com recursos na ordem de R$2.740,75<\/p>\n<p class=\"MsoNormal\" style=\"margin-bottom:0cm;margin-bottom:.0001pt\">Nova Santa B&aacute;rbara, com recursos na ordem de R$2.654,53<\/p>\n<p class=\"MsoNormal\" style=\"margin-bottom:0cm;margin-bottom:.0001pt\">Pato Bragado, com recursos na ordem de R$2.760,10<\/p>\n<p class=\"MsoNormal\" style=\"margin-bottom:0cm;margin-bottom:.0001pt\">Peabiru, com recursos na ordem de R$5.776,45<\/p>\n<p class=\"MsoNormal\" style=\"margin-bottom:0cm;margin-bottom:.0001pt\">P&eacute;rola, com recursos na ordem de R$3.778,05<\/p>\n<p class=\"MsoNormal\" style=\"margin-bottom:0cm;margin-bottom:.0001pt\">Planaltina do Paran&aacute;, com recursos na ordem de R$2.754,08<\/p>\n<p class=\"MsoNormal\" style=\"margin-bottom:0cm;margin-bottom:.0001pt\">Pranchita, com recursos na ordem de R$2.532,95<\/p>\n<p class=\"MsoNormal\" style=\"margin-bottom:0cm;margin-bottom:.0001pt\">Primeiro de Maio, com recursos na ordem de R$4.506,33<\/p>\n<p class=\"MsoNormal\" style=\"margin-bottom:0cm;margin-bottom:.0001pt\">Realeza, com recursos na ordem de R$6.668,03<\/p>\n<p class=\"MsoNormal\" style=\"margin-bottom:0cm;margin-bottom:.0001pt\">S&atilde;o Carlos do Iva&iacute;, com recursos na ordem de R$3.023,84<\/p>\n<p class=\"MsoNormal\" style=\"margin-bottom:0cm;margin-bottom:.0001pt\">S&atilde;o Jorge do Patroc&iacute;nio, com recursos na ordem de R$3.865,08<\/p>\n<p class=\"MsoNormal\" style=\"margin-bottom:0cm;margin-bottom:.0001pt\">Serran&oacute;polis do Igua&ccedil;u, com recursos na ordem de R$2.686,40<\/p>\n<p class=\"MsoNormal\" style=\"margin-bottom:0cm;margin-bottom:.0001pt\">Terra Rica, com recursos na ordem de R$6.158,35<\/p>\n<p class=\"MsoNormal\" style=\"margin-bottom:0cm;margin-bottom:.0001pt\">Terra Roxa, com recursos na ordem de R$6.534,76<\/p>\n<p class=\"MsoNormal\" style=\"margin-bottom:0cm;margin-bottom:.0001pt\">Tuneiras do Oeste, com recursos na ordem de R$3.600,52<\/p>\n<p class=\"MsoNormal\" style=\"margin-bottom:0cm;margin-bottom:.0001pt\">Ubirat&atilde;, com recursos na ordem de R$8.770,65<\/p>\n<p class=\"MsoNormal\" style=\"margin-bottom:0cm;margin-bottom:.0001pt\">Vera Cruz do Oeste, com recursos na ordem de R$3.863,18<\/p>\n<p class=\"MsoNormal\" style=\"margin-bottom:0cm;margin-bottom:.0001pt\">Xambr&ecirc;, com recursos na ordem de R$2.531,98<\/p>\n<p class=\"MsoNormal\" style=\"margin-bottom:0cm;margin-bottom:.0001pt\"><o:p>&nbsp;<\/o:p><\/p>\n","protected":false},"excerpt":{"rendered":"<p>Foi divulgado pelo Minist\u00e9rio da Sa\u00fade os nomes dos 31 munic\u00edpios que ir\u00e3o receber o repasse dos valores de recursos federais a serem aplicados no incentivo de qualifica\u00e7\u00e3o das a\u00e7\u00f5es de preven\u00e7\u00e3o e controle da dengue. Os recursos, que ser\u00e3o pagos em uma cota \u00fanica, de acordo com a proposta individual de cada munic\u00edpio, atrav\u00e9s do Fundo Nacional de Sa\u00fade (FNS), tiveram o acompanhamento do deputado federal Zeca Dirceu (PT \u2013 PR).<\/p>\n","protected":false},"author":1,"featured_media":26325,"comment_status":"open","ping_status":"open","sticky":false,"template":"","format":"standard","meta":{"footnotes":""},"categories":[1],"tags":[5885],"class_list":["post-26326","post","type-post","status-publish","format-standard","has-post-thumbnail","hentry","category-noticias-zeca-dirceu","tag-municipios-do-parana-recebem-recursos-federais-para-acoes-de-prevencao-da-dengue"],"_links":{"self":[{"href":"https:\/\/teste.bsb.br\/zeca\/wp-json\/wp\/v2\/posts\/26326","targetHints":{"allow":["GET"]}}],"collection":[{"href":"https:\/\/teste.bsb.br\/zeca\/wp-json\/wp\/v2\/posts"}],"about":[{"href":"https:\/\/teste.bsb.br\/zeca\/wp-json\/wp\/v2\/types\/post"}],"author":[{"embeddable":true,"href":"https:\/\/teste.bsb.br\/zeca\/wp-json\/wp\/v2\/users\/1"}],"replies":[{"embeddable":true,"href":"https:\/\/teste.bsb.br\/zeca\/wp-json\/wp\/v2\/comments?post=26326"}],"version-history":[{"count":0,"href":"https:\/\/teste.bsb.br\/zeca\/wp-json\/wp\/v2\/posts\/26326\/revisions"}],"wp:featuredmedia":[{"embeddable":true,"href":"https:\/\/teste.bsb.br\/zeca\/wp-json\/wp\/v2\/media\/26325"}],"wp:attachment":[{"href":"https:\/\/teste.bsb.br\/zeca\/wp-json\/wp\/v2\/media?parent=26326"}],"wp:term":[{"taxonomy":"category","embeddable":true,"href":"https:\/\/teste.bsb.br\/zeca\/wp-json\/wp\/v2\/categories?post=26326"},{"taxonomy":"post_tag","embeddable":true,"href":"https:\/\/teste.bsb.br\/zeca\/wp-json\/wp\/v2\/tags?post=26326"}],"curies":[{"name":"wp","href":"https:\/\/api.w.org\/{rel}","templated":true}]}}