{"id":26324,"date":"2012-01-04T00:00:00","date_gmt":"2012-01-04T02:00:00","guid":{"rendered":"https:\/\/www.zecadirceu.com.br\/pac-2-vai-destinar-r-46-bilhoes-para-investimento-em-ferrovias\/"},"modified":"2012-01-04T00:00:00","modified_gmt":"2012-01-04T02:00:00","slug":"pac-2-vai-destinar-r-46-bilhoes-para-investimento-em-ferrovias","status":"publish","type":"post","link":"https:\/\/teste.bsb.br\/zeca\/pac-2-vai-destinar-r-46-bilhoes-para-investimento-em-ferrovias\/","title":{"rendered":"PAC 2 vai destinar R$ 46 bilh\u00f5es para investimento em ferrovias"},"content":{"rendered":"<p>&nbsp;O governo federal est&aacute; investindo, por meio do PAC 2, R$ 46 bilh&otilde;es em 4,6 mil quil&ocirc;metros de ferrovias at&eacute; 2014, informou a presidente Dilma Rousseff na coluna Conversa com a Presidenta publicada nesta ter&ccedil;a-feira (3). Segundo ela, est&atilde;o em obras 3,4 mil quil&ocirc;metros.<\/p>\n<p class=\"MsoNormal\"><o:p><\/o:p><\/p>\n<p class=\"MsoNormal\">&ldquo;As ferrovias ficaram muitos anos sem investimentos p&uacute;blicos, depois de terem sido privatizadas, na d&eacute;cada de 90. Esta realidade mudou no governo do presidente Lula, quando o setor passou a ser tratado como estrat&eacute;gico para o crescimento do pa&iacute;s e voltou a integrar a pauta de investimentos da Uni&atilde;o&rdquo;, explicou a presidente ao motorista Jos&eacute; Carlos Nunes, de Montenegro (RS). <o:p><\/o:p><\/p>\n<p class=\"MsoNormal\">Al&eacute;m dos avan&ccedil;os nas ferrovias Norte-Sul, Transnordestina e Oeste-Leste, o governo voltou a investir &ldquo;pesadamente&rdquo; em transporte p&uacute;blico nas cidades, em parceria com estados e munic&iacute;pios. Segundo a presidente Dilma, foram destinados R$ 18 bilh&otilde;es para atender as 24 maiores cidades do pa&iacute;s em projetos de transportes, incluindo metr&ocirc;s.<o:p><\/o:p><\/p>\n<p class=\"MsoNormal\">&ldquo;H&aacute; muito a fazer, mas estamos caminhando firmemente&rdquo;, disse. <o:p><\/o:p><\/p>\n<p class=\"MsoNormal\"><o:p>&nbsp;<\/o:p><\/p>\n<p class=\"MsoNormal\">Educa&ccedil;&atilde;o e sistema prisional<o:p><\/o:p><\/p>\n<p class=\"MsoNormal\">A presidente tamb&eacute;m explicou ao soci&oacute;logo de Salvador (BA) Sandro Barbosa Junqueira, que, por meio do Plano Estrat&eacute;gico de Educa&ccedil;&atilde;o, o governo pretende implementar o programa Brasil Alfabetizado no sistema prisional. Mais de 26 mil presos que se declaram analfabetos devem ser beneficiados. Em julho do 2010, a popula&ccedil;&atilde;o carcer&aacute;ria somava cerca de 514 mil pessoas, sendo que 65% n&atilde;o possuem o ensino fundamental completo.<o:p><\/o:p><\/p>\n<p class=\"MsoNormal\">&ldquo;Mais grave ainda &eacute; que apenas 9,35% dessas pessoas est&atilde;o envolvidas em atividades educacionais&rdquo;, lamentou a presidente, lembrando que o direito &agrave; educa&ccedil;&atilde;o para esses cidad&atilde;o j&aacute; &eacute; previsto na Lei de Execu&ccedil;&otilde;es Penais, no Plano Nacional de Educa&ccedil;&atilde;o e nas resolu&ccedil;&otilde;es do Conselho Nacional de Pol&iacute;tica Criminal e Penitenci&aacute;ria e do Conselho Nacional de Educa&ccedil;&atilde;o. <o:p><\/o:p><\/p>\n<p class=\"MsoNormal\"><o:p>&nbsp;<\/o:p><\/p>\n<p class=\"MsoNormal\">Alimentos sem agrot&oacute;xicos<o:p><\/o:p><\/p>\n<p class=\"MsoNormal\">Outro tema abordado pela presidente Dilma na coluna &eacute; o consumo de alimentos livres de agrot&oacute;xicos. Questionada pela aposentada de Maring&aacute; (PR) Carine Bastos de Andrade, ela afirmou que o governo federal possui pol&iacute;ticas de incentivo &agrave; produ&ccedil;&atilde;o e ao consumo de alimentos saud&aacute;veis. O Pr&oacute;-Org&acirc;nico, desenvolvido pelo Minist&eacute;rio da Agricultura, incentiva os produtores a fazerem a convers&atilde;o para sistemas org&acirc;nicos de produ&ccedil;&atilde;o, com projetos voltados &agrave; viabiliza&ccedil;&atilde;o de insumos e tecnologias apropriadas.<o:p><\/o:p><\/p>\n<p class=\"MsoNormal\">Outra a&ccedil;&atilde;o destacada pela presidente &eacute; a inclus&atilde;o de produtos org&acirc;nicos no Programa de Aquisi&ccedil;&atilde;o de Alimentos (PAA), desenvolvido pelo Minist&eacute;rio do Desenvolvimento Agr&aacute;rio, e no Programa Nacional de Alimenta&ccedil;&atilde;o Escolar (PNAE), do Minist&eacute;rio da Educa&ccedil;&atilde;o.<o:p><\/o:p><\/p>\n<p class=\"MsoNormal\"><o:p>&nbsp;<\/o:p><\/p>\n<p class=\"MsoNormal\">&ldquo;O pr&oacute;prio governo compra dos produtores alimentos sem agrot&oacute;xicos. Temos o Pronaf Agroecologia, com linha de financiamento para o agricultor familiar que quer investir nesse segmento. Realizamos tamb&eacute;m a campanha Semana do Alimento Org&acirc;nico, em v&aacute;rios estados, informando sobre os benef&iacute;cios ambientais e nutricionais desses alimentos. O resultado de todas essas a&ccedil;&otilde;es &eacute; que o consumo de alimentos livres de agrot&oacute;xicos tem crescido cerca de 20% a cada ano.&rdquo;<o:p><\/o:p><\/p>\n<p class=\"MsoNormal\"><o:p>&nbsp;<\/o:p><\/p>\n<p class=\"MsoNormal\">Fonte: Blog do Planalto<o:p><\/o:p><\/p>\n<p class=\"MsoNormal\"><o:p>&nbsp;<\/o:p><\/p>\n","protected":false},"excerpt":{"rendered":"<p>O governo federal est\u00e1 investindo, por meio do PAC 2, R$ 46 bilh\u00f5es em 4,6 mil quil\u00f4metros de ferrovias at\u00e9 2014, informou a presidente Dilma Rousseff na coluna Conversa com a Presidenta publicada nesta ter\u00e7a-feira (3). Segundo ela, est\u00e3o em obras 3,4 mil quil\u00f4metros.<\/p>\n","protected":false},"author":1,"featured_media":26323,"comment_status":"open","ping_status":"open","sticky":false,"template":"","format":"standard","meta":{"footnotes":""},"categories":[1],"tags":[5884],"class_list":["post-26324","post","type-post","status-publish","format-standard","has-post-thumbnail","hentry","category-noticias-zeca-dirceu","tag-pac-2-vai-destinar-r-46-bilhoes-para-investimento-em-ferrovias"],"_links":{"self":[{"href":"https:\/\/teste.bsb.br\/zeca\/wp-json\/wp\/v2\/posts\/26324","targetHints":{"allow":["GET"]}}],"collection":[{"href":"https:\/\/teste.bsb.br\/zeca\/wp-json\/wp\/v2\/posts"}],"about":[{"href":"https:\/\/teste.bsb.br\/zeca\/wp-json\/wp\/v2\/types\/post"}],"author":[{"embeddable":true,"href":"https:\/\/teste.bsb.br\/zeca\/wp-json\/wp\/v2\/users\/1"}],"replies":[{"embeddable":true,"href":"https:\/\/teste.bsb.br\/zeca\/wp-json\/wp\/v2\/comments?post=26324"}],"version-history":[{"count":0,"href":"https:\/\/teste.bsb.br\/zeca\/wp-json\/wp\/v2\/posts\/26324\/revisions"}],"wp:featuredmedia":[{"embeddable":true,"href":"https:\/\/teste.bsb.br\/zeca\/wp-json\/wp\/v2\/media\/26323"}],"wp:attachment":[{"href":"https:\/\/teste.bsb.br\/zeca\/wp-json\/wp\/v2\/media?parent=26324"}],"wp:term":[{"taxonomy":"category","embeddable":true,"href":"https:\/\/teste.bsb.br\/zeca\/wp-json\/wp\/v2\/categories?post=26324"},{"taxonomy":"post_tag","embeddable":true,"href":"https:\/\/teste.bsb.br\/zeca\/wp-json\/wp\/v2\/tags?post=26324"}],"curies":[{"name":"wp","href":"https:\/\/api.w.org\/{rel}","templated":true}]}}