{"id":26314,"date":"2012-01-05T00:00:00","date_gmt":"2012-01-05T02:00:00","guid":{"rendered":"https:\/\/www.zecadirceu.com.br\/governo-reabre-credito-para-acoes-de-defesa-civil-e-prevencao-de-desastres\/"},"modified":"2012-01-05T00:00:00","modified_gmt":"2012-01-05T02:00:00","slug":"governo-reabre-credito-para-acoes-de-defesa-civil-e-prevencao-de-desastres","status":"publish","type":"post","link":"https:\/\/teste.bsb.br\/zeca\/governo-reabre-credito-para-acoes-de-defesa-civil-e-prevencao-de-desastres\/","title":{"rendered":"Governo reabre cr\u00e9dito para a\u00e7\u00f5es de Defesa Civil e preven\u00e7\u00e3o de desastres"},"content":{"rendered":"<div id=\"psdotexto\" style=\"line-height: 16px; font-size: 12px\">\n<div style=\"margin: 0cm 0cm 10pt\">Diante dos desastres causados pelas chuvas no Rio e em Minas Gerais, o governo reabriu cr&eacute;dito de R$ 482,2 milh&otilde;es em favor dos minist&eacute;rios da Ci&ecirc;ncia e Tecnologia, Integra&ccedil;&atilde;o Nacional e Defesa para obras de preven&ccedil;&atilde;o e a&ccedil;&otilde;es da Defesa Civil. A medida foi publicada no Di&aacute;rio Oficial da Uni&atilde;o nesta quinta-feira.<\/div>\n<div style=\"margin: 0cm 0cm 10pt\">Para a pasta de Integra&ccedil;&atilde;o Nacional, foi reaberto o cr&eacute;dito de R$ 304 milh&otilde;es para a&ccedil;&otilde;es de Defesa Civil e R$ 139, 8 milh&otilde;es para obras preventivas de desastres. J&aacute; a Defesa tem &agrave; sua disposi&ccedil;&atilde;o R$ 32,9 milh&otilde;es para coopera&ccedil;&atilde;o em a&ccedil;&otilde;es de Defesa Civil. O Minist&eacute;rio de Ci&ecirc;ncia e Tecnologia tem cr&eacute;dito de R$ 6 milh&otilde;es para a implanta&ccedil;&atilde;o do Centro Nacional de Monitoramento e Alerta de Desastres Naturais.<\/div>\n<div style=\"margin: 0cm 0cm 10pt\">&nbsp;<\/div>\n<div style=\"margin: 0cm 0cm 10pt\">FONTE: AG&Ecirc;NCIA ESTADO<\/div>\n<\/div>\n","protected":false},"excerpt":{"rendered":"<p>Diante dos desastres causados pelas chuvas no Rio e em Minas Gerais, o governo reabriu cr\u00e9dito de R$ 482,2 milh\u00f5es em favor dos minist\u00e9rios da Ci\u00eancia e Tecnologia, Integra\u00e7\u00e3o Nacional e Defesa para obras de preven\u00e7\u00e3o e a\u00e7\u00f5es da Defesa Civil. A medida foi publicada no Di\u00e1rio Oficial da Uni\u00e3o nesta quinta-feira.<\/p>\n","protected":false},"author":1,"featured_media":26313,"comment_status":"open","ping_status":"open","sticky":false,"template":"","format":"standard","meta":{"footnotes":""},"categories":[1],"tags":[5879],"class_list":["post-26314","post","type-post","status-publish","format-standard","has-post-thumbnail","hentry","category-noticias-zeca-dirceu","tag-governo-reabre-credito-para-acoes-de-defesa-civil-e-prevencao-de-desastres"],"_links":{"self":[{"href":"https:\/\/teste.bsb.br\/zeca\/wp-json\/wp\/v2\/posts\/26314","targetHints":{"allow":["GET"]}}],"collection":[{"href":"https:\/\/teste.bsb.br\/zeca\/wp-json\/wp\/v2\/posts"}],"about":[{"href":"https:\/\/teste.bsb.br\/zeca\/wp-json\/wp\/v2\/types\/post"}],"author":[{"embeddable":true,"href":"https:\/\/teste.bsb.br\/zeca\/wp-json\/wp\/v2\/users\/1"}],"replies":[{"embeddable":true,"href":"https:\/\/teste.bsb.br\/zeca\/wp-json\/wp\/v2\/comments?post=26314"}],"version-history":[{"count":0,"href":"https:\/\/teste.bsb.br\/zeca\/wp-json\/wp\/v2\/posts\/26314\/revisions"}],"wp:featuredmedia":[{"embeddable":true,"href":"https:\/\/teste.bsb.br\/zeca\/wp-json\/wp\/v2\/media\/26313"}],"wp:attachment":[{"href":"https:\/\/teste.bsb.br\/zeca\/wp-json\/wp\/v2\/media?parent=26314"}],"wp:term":[{"taxonomy":"category","embeddable":true,"href":"https:\/\/teste.bsb.br\/zeca\/wp-json\/wp\/v2\/categories?post=26314"},{"taxonomy":"post_tag","embeddable":true,"href":"https:\/\/teste.bsb.br\/zeca\/wp-json\/wp\/v2\/tags?post=26314"}],"curies":[{"name":"wp","href":"https:\/\/api.w.org\/{rel}","templated":true}]}}