{"id":26312,"date":"2012-01-05T00:00:00","date_gmt":"2012-01-05T02:00:00","guid":{"rendered":"https:\/\/www.zecadirceu.com.br\/praca-da-juventude-de-campo-mourao-tem-65-das-obras-executadas\/"},"modified":"2012-01-05T00:00:00","modified_gmt":"2012-01-05T02:00:00","slug":"praca-da-juventude-de-campo-mourao-tem-65-das-obras-executadas","status":"publish","type":"post","link":"https:\/\/teste.bsb.br\/zeca\/praca-da-juventude-de-campo-mourao-tem-65-das-obras-executadas\/","title":{"rendered":"Pra\u00e7a da Juventude de Campo Mour\u00e3o tem 65% das obras executadas"},"content":{"rendered":"<p>&nbsp;<span style=\"font-family: Arial, sans-serif; font-size: 12pt; \">O Minist&eacute;rio do Esporte liberou, na &uacute;ltima semana de 2011, mais uma parcela da proposta para a constru&ccedil;&atilde;o da Pra&ccedil;a da Juventude, no munic&iacute;pio de Campo Mour&atilde;o. O an&uacute;ncio foi feito pelo deputado federal Zeca Dirceu, que acompanha as tratativas do munic&iacute;pio, que j&aacute; recebeu o montante de R$ 390 mil, do valor total de 780 mil. A parcela paga, no m&ecirc;s passado, foi de R$ 88,47mil.<\/span><\/p>\n<p class=\"MsoNormal\"><span style=\"font-size:12.0pt;font-family:&quot;Arial&quot;,&quot;sans-serif&quot;;\nmso-fareast-font-family:&quot;Times New Roman&quot;;mso-fareast-language:PT-BR\">&nbsp;&ldquo;A constru&ccedil;&atilde;o da Pra&ccedil;a da Juventude vai trazer melhorias para a qualidade de vida da popula&ccedil;&atilde;o, proporcionando mais um espa&ccedil;o f&iacute;sico no munic&iacute;pio&rdquo;, declarou o parlamentar Zeca Dirceu. <o:p><\/o:p><\/span><\/p>\n<p class=\"MsoNormal\"><span style=\"font-size:12.0pt;font-family:&quot;Arial&quot;,&quot;sans-serif&quot;;\nmso-fareast-font-family:&quot;Times New Roman&quot;;mso-fareast-language:PT-BR\">A obra, que j&aacute; est&aacute; em execu&ccedil;&atilde;o, tem 65,97% de seu projeto conclu&iacute;do.<o:p><\/o:p><\/span><\/p>\n","protected":false},"excerpt":{"rendered":"<p>O Minist\u00e9rio do Esporte liberou, na \u00faltima semana de 2011, mais uma parcela da proposta para a constru\u00e7\u00e3o da Pra\u00e7a da Juventude, no munic\u00edpio de Campo Mour\u00e3o. O an\u00fancio foi feito pelo deputado federal Zeca Dirceu, que acompanha as tratativas do munic\u00edpio, que j\u00e1 recebeu o montante de R$ 390 mil, do valor total de 780 mil. A parcela paga, no m\u00eas passado, foi de R$ 88,47mil.<\/p>\n","protected":false},"author":1,"featured_media":26311,"comment_status":"open","ping_status":"open","sticky":false,"template":"","format":"standard","meta":{"footnotes":""},"categories":[1],"tags":[5878],"class_list":["post-26312","post","type-post","status-publish","format-standard","has-post-thumbnail","hentry","category-noticias-zeca-dirceu","tag-praca-da-juventude-de-campo-mourao-tem-65-das-obras-executadas"],"_links":{"self":[{"href":"https:\/\/teste.bsb.br\/zeca\/wp-json\/wp\/v2\/posts\/26312","targetHints":{"allow":["GET"]}}],"collection":[{"href":"https:\/\/teste.bsb.br\/zeca\/wp-json\/wp\/v2\/posts"}],"about":[{"href":"https:\/\/teste.bsb.br\/zeca\/wp-json\/wp\/v2\/types\/post"}],"author":[{"embeddable":true,"href":"https:\/\/teste.bsb.br\/zeca\/wp-json\/wp\/v2\/users\/1"}],"replies":[{"embeddable":true,"href":"https:\/\/teste.bsb.br\/zeca\/wp-json\/wp\/v2\/comments?post=26312"}],"version-history":[{"count":0,"href":"https:\/\/teste.bsb.br\/zeca\/wp-json\/wp\/v2\/posts\/26312\/revisions"}],"wp:featuredmedia":[{"embeddable":true,"href":"https:\/\/teste.bsb.br\/zeca\/wp-json\/wp\/v2\/media\/26311"}],"wp:attachment":[{"href":"https:\/\/teste.bsb.br\/zeca\/wp-json\/wp\/v2\/media?parent=26312"}],"wp:term":[{"taxonomy":"category","embeddable":true,"href":"https:\/\/teste.bsb.br\/zeca\/wp-json\/wp\/v2\/categories?post=26312"},{"taxonomy":"post_tag","embeddable":true,"href":"https:\/\/teste.bsb.br\/zeca\/wp-json\/wp\/v2\/tags?post=26312"}],"curies":[{"name":"wp","href":"https:\/\/api.w.org\/{rel}","templated":true}]}}