{"id":26306,"date":"2012-01-05T00:00:00","date_gmt":"2012-01-05T02:00:00","guid":{"rendered":"https:\/\/www.zecadirceu.com.br\/brasileiros-encerram-2011-com-otimismo-em-alta\/"},"modified":"2012-01-05T00:00:00","modified_gmt":"2012-01-05T02:00:00","slug":"brasileiros-encerram-2011-com-otimismo-em-alta","status":"publish","type":"post","link":"https:\/\/teste.bsb.br\/zeca\/brasileiros-encerram-2011-com-otimismo-em-alta\/","title":{"rendered":"Brasileiros encerram 2011 com otimismo em alta"},"content":{"rendered":"<p>&nbsp;<span style=\"color: rgb(51, 51, 51); font-family: sans-serif, tahoma, verdana; font-size: 14px; line-height: 18px; text-align: left; \">As fam&iacute;lias brasileiras chegaram ao fim de 2011 mais otimistas sobre a situa&ccedil;&atilde;o socioecon&ocirc;mica do pa&iacute;s. O<\/span><em style=\"color: rgb(51, 51, 51); font-family: sans-serif, tahoma, verdana; font-size: 14px; line-height: 18px; text-align: left; \">&nbsp;&Iacute;ndice de Expectativas das Fam&iacute;lias<\/em><span style=\"color: rgb(51, 51, 51); font-family: sans-serif, tahoma, verdana; font-size: 14px; line-height: 18px; text-align: left; \">&nbsp;<\/span><span style=\"color: rgb(51, 51, 51); font-family: sans-serif, tahoma, verdana; font-size: 14px; line-height: 18px; text-align: left; \">de dezembro, calculado pelo<\/span><span style=\"color: rgb(51, 51, 51); font-family: sans-serif, tahoma, verdana; font-size: 14px; line-height: 18px; text-align: left; \">&nbsp;<\/span><strong style=\"color: rgb(51, 51, 51); font-family: sans-serif, tahoma, verdana; font-size: 14px; line-height: 18px; text-align: left; \">Ipea<\/strong><span style=\"color: rgb(51, 51, 51); font-family: sans-serif, tahoma, verdana; font-size: 14px; line-height: 18px; text-align: left; \">, subiu para 67,2 pontos em dezembro de 2011. No mesmo m&ecirc;s de 2010, ele havia fechado em 64,6 pontos. J&aacute; em novembro de 2011, o IEF havia ficado em 63,7 pontos. O &iacute;ndice de dezembro igualou a maior expectativa apurada na s&eacute;rie &ndash; em janeiro de 2011, tamb&eacute;m 67,2.<br \/>\n<\/span><\/p>\n<p style=\"margin-top: 0px; margin-bottom: 5px; color: rgb(51, 51, 51); font-family: sans-serif, tahoma, verdana; font-size: 14px; line-height: 18px; text-align: left; \">\nA apresenta&ccedil;&atilde;o da 17&ordf; edi&ccedil;&atilde;o do IEF foi realizada pelo presidente do&nbsp;<strong>Ipea<\/strong>, Marcio Pochmann, no Escrit&oacute;rio Regional da Presid&ecirc;ncia da Rep&uacute;blica em S&atilde;o Paulo. Ele apontou tr&ecirc;s fatores que levaram ao encerramento de 2011 com maior otimismo por parte das fam&iacute;lias. &ldquo;Essa eleva&ccedil;&atilde;o deve-se ao reconhecimento, por parte dos consultados, de que h&aacute; melhor expectativa no mercado de trabalho e sobre a amplia&ccedil;&atilde;o da renda, associada a indicadores de aumento do sal&aacute;rio m&iacute;nimo e previs&otilde;es de redu&ccedil;&atilde;o das taxas de juros. Por fim, outro ponto importante &eacute; a redu&ccedil;&atilde;o do grau de endividamento&rdquo;, explicou Pochmann.<br \/>\n&nbsp;<\/p>\n<p style=\"margin-top: 0px; margin-bottom: 5px; color: rgb(51, 51, 51); font-family: sans-serif, tahoma, verdana; font-size: 14px; line-height: 18px; text-align: left; \">A constata&ccedil;&atilde;o de que as fam&iacute;lias brasileiras consideram-se menos endividadas parte de uma das perguntas direcionadas, pelo IEF, a moradores de 3.810 domic&iacute;lios distribu&iacute;dos por mais de 200 munic&iacute;pios em todas as unidades da federa&ccedil;&atilde;o. Em dezembro, 56,1% das fam&iacute;lias entrevistadas disseram n&atilde;o ter d&iacute;vidas em rela&ccedil;&atilde;o &agrave; renda mensal, um aumento na compara&ccedil;&atilde;o com novembro, quando o registro foi de 55,6% de consultados na mesma situa&ccedil;&atilde;o.<br \/>\n&nbsp;<\/p>\n<p style=\"margin-top: 0px; margin-bottom: 5px; color: rgb(51, 51, 51); font-family: sans-serif, tahoma, verdana; font-size: 14px; line-height: 18px; text-align: left; \">O destaque nesse item foi o Centro-Oeste, onde n&atilde;o houve fam&iacute;lias que se considerassem &ldquo;muito endividadas&rdquo;. Na regi&atilde;o Nordeste, 14,6% das fam&iacute;lias classificaram-se como &ldquo;muito endividadas&rdquo;. &ldquo;Desde agosto assistimos a uma trajet&oacute;ria de redu&ccedil;&atilde;o de fam&iacute;lias que tinham d&iacute;vidas. O segundo semestre de 2011 foi o momento em que as fam&iacute;lias procuraram sair do endividamento. Em dezembro, provavelmente usaram o 13&ordm; sal&aacute;rio ou o fato de haver mais de uma pessoa com renda na fam&iacute;lia para pagar dividas contra&iacute;das&rdquo;, afirmou o presidente do&nbsp;<strong>Ipea<\/strong>.<br \/>\n&nbsp;<\/p>\n<p style=\"margin-top: 0px; margin-bottom: 5px; color: rgb(51, 51, 51); font-family: sans-serif, tahoma, verdana; font-size: 14px; line-height: 18px; text-align: left; \"><strong>Situa&ccedil;&atilde;o financeira<br \/>\n<\/strong><br \/>\nA maior parte dos entrevistados tamb&eacute;m acredita que est&aacute; em situa&ccedil;&atilde;o melhor que h&aacute; um ano: 78,2%. Nesse item, novamente o Centro-Oeste aparece com maior otimismo (88,1%), enquanto o Nordeste apresenta o maior pessimismo (21,4%). Quando a pergunta &eacute; sobre a expectativa para a situa&ccedil;&atilde;o financeira familiar daqui a um ano, o Norte mostra-se mais animado, com 94,3% esperando dias melhores. J&aacute; no Nordeste, 10,8% acham que estar&atilde;o em um momento pior.<br \/>\n&nbsp;<\/p>\n<p style=\"margin-top: 0px; margin-bottom: 5px; color: rgb(51, 51, 51); font-family: sans-serif, tahoma, verdana; font-size: 14px; line-height: 18px; text-align: left; \">Em rela&ccedil;&atilde;o ao futuro da economia brasileira, 64,4% disseram crer em uma situa&ccedil;&atilde;o melhor daqui a um ano, e 60,2% afirmaram o mesmo sobre os pr&oacute;ximos 5 anos. O IEF traz, ainda, as impress&otilde;es das fam&iacute;lias sobre o momento para consumir bens de maior valor e opini&otilde;es relativas ao mercado de trabalho. A an&aacute;lise tamb&eacute;m &eacute; feita de acordo com a escolaridade e o n&iacute;vel de renda dos entrevistados. O&nbsp;<em>&Iacute;ndice de Expectativas das Fam&iacute;lias<\/em>&nbsp;utiliza o m&eacute;todo de amostragem probabil&iacute;stica para garantir ma margem de erro de 5%, com um n&iacute;vel de signific&acirc;ncia de 95% para o Brasil e para as cinco grandes regi&otilde;es.<\/p>\n<p>Fonte:&nbsp; <a href=\"http:\/\/www.ipea.gov.br\/\">http:\/\/www.ipea.gov.br<\/a>&nbsp;<\/p>\n","protected":false},"excerpt":{"rendered":"<p>As fam\u00edlias brasileiras chegaram ao fim de 2011 mais otimistas sobre a situa\u00e7\u00e3o socioecon\u00f4mica do pa\u00eds. O \u00cdndice de Expectativas das Fam\u00edlias de dezembro, calculado pelo Ipea, subiu para 67,2 pontos em dezembro de 2011. No mesmo m\u00eas de 2010, ele havia fechado em 64,6 pontos. J\u00e1 em novembro de 2011, o IEF havia ficado em 63,7 pontos. O \u00edndice de dezembro igualou a maior expectativa apurada na s\u00e9rie \u2013 em janeiro de 2011, tamb\u00e9m 67,2.<\/p>\n","protected":false},"author":1,"featured_media":26305,"comment_status":"open","ping_status":"open","sticky":false,"template":"","format":"standard","meta":{"footnotes":""},"categories":[1],"tags":[5875],"class_list":["post-26306","post","type-post","status-publish","format-standard","has-post-thumbnail","hentry","category-noticias-zeca-dirceu","tag-brasileiros-encerram-2011-com-otimismo-em-alta"],"_links":{"self":[{"href":"https:\/\/teste.bsb.br\/zeca\/wp-json\/wp\/v2\/posts\/26306","targetHints":{"allow":["GET"]}}],"collection":[{"href":"https:\/\/teste.bsb.br\/zeca\/wp-json\/wp\/v2\/posts"}],"about":[{"href":"https:\/\/teste.bsb.br\/zeca\/wp-json\/wp\/v2\/types\/post"}],"author":[{"embeddable":true,"href":"https:\/\/teste.bsb.br\/zeca\/wp-json\/wp\/v2\/users\/1"}],"replies":[{"embeddable":true,"href":"https:\/\/teste.bsb.br\/zeca\/wp-json\/wp\/v2\/comments?post=26306"}],"version-history":[{"count":0,"href":"https:\/\/teste.bsb.br\/zeca\/wp-json\/wp\/v2\/posts\/26306\/revisions"}],"wp:featuredmedia":[{"embeddable":true,"href":"https:\/\/teste.bsb.br\/zeca\/wp-json\/wp\/v2\/media\/26305"}],"wp:attachment":[{"href":"https:\/\/teste.bsb.br\/zeca\/wp-json\/wp\/v2\/media?parent=26306"}],"wp:term":[{"taxonomy":"category","embeddable":true,"href":"https:\/\/teste.bsb.br\/zeca\/wp-json\/wp\/v2\/categories?post=26306"},{"taxonomy":"post_tag","embeddable":true,"href":"https:\/\/teste.bsb.br\/zeca\/wp-json\/wp\/v2\/tags?post=26306"}],"curies":[{"name":"wp","href":"https:\/\/api.w.org\/{rel}","templated":true}]}}