{"id":26294,"date":"2012-01-06T00:00:00","date_gmt":"2012-01-06T02:00:00","guid":{"rendered":"https:\/\/www.zecadirceu.com.br\/atencao-municipios-provab-tem-inscricoes-prorrogadas\/"},"modified":"2012-01-06T00:00:00","modified_gmt":"2012-01-06T02:00:00","slug":"atencao-municipios-provab-tem-inscricoes-prorrogadas","status":"publish","type":"post","link":"https:\/\/teste.bsb.br\/zeca\/atencao-municipios-provab-tem-inscricoes-prorrogadas\/","title":{"rendered":"Aten\u00e7\u00e3o munic\u00edpios: Provab tem inscri\u00e7\u00f5es prorrogadas"},"content":{"rendered":"<p>&nbsp;<span style=\"color: rgb(40, 49, 48); line-height: 17px; \">O<\/span><span style=\"color: rgb(40, 49, 48); line-height: 17px; \">&nbsp;<\/span><a class=\"external-link first-child last-child\" href=\"http:\/\/www.saude.gov.br\/\" target=\"_blank\" style=\"line-height: 17px; margin-top: 0px; margin-right: 0px; margin-bottom: 0px; margin-left: 0px; padding-top: 0px; padding-right: 12px; padding-bottom: 0px; padding-left: 0px; border-top-width: 0px; border-right-width: 0px; border-bottom-width: 0px; border-left-width: 0px; border-style: initial; border-color: initial; border-image: initial; outline-width: 0px; outline-style: initial; outline-color: initial; vertical-align: baseline; background-image: url(http:\/\/www.secom.gov.br\/portal_css\/Secom\/bg\/linkExterno.gif); background-attachment: initial; background-origin: initial; background-clip: initial; background-color: initial; color: rgb(23, 67, 155); background-position: 100% 50%; background-repeat: no-repeat no-repeat; \">Minist&eacute;rio da Sa&uacute;de<\/a><span style=\"color: rgb(40, 49, 48); line-height: 17px; \">&nbsp;<\/span><span style=\"color: rgb(40, 49, 48); line-height: 17px; \">&nbsp;prorrogou at&eacute; 31 de janeiro o prazo de ades&atilde;o de munic&iacute;pios ao Programa de Valoriza&ccedil;&atilde;o dos Profissionais na Aten&ccedil;&atilde;o B&aacute;sica (Provab). Criado em parceria com o Minist&eacute;rio da Educa&ccedil;&atilde;o, o programa oferece incentivos a profissionais de sa&uacute;de rec&eacute;m-formados que optarem por atuar em unidades b&aacute;sicas de sa&uacute;de de locais com popula&ccedil;&atilde;o em situa&ccedil;&atilde;o de pobreza, isolados dos grandes centros ou com dificuldades de contrata&ccedil;&atilde;o para o Sistema &Uacute;nico de Sa&uacute;de (SUS). Desde o dia 8 de dezembro est&atilde;o abertas as inscri&ccedil;&otilde;es para que secretarias de sa&uacute;de e institui&ccedil;&otilde;es de ensino superior interessadas enviem a documenta&ccedil;&atilde;o para aderir ao programa. O edital de convoca&ccedil;&atilde;o para ades&atilde;o dos profissionais ser&aacute; publicado ap&oacute;s a ades&atilde;o dos munic&iacute;pios. A estimativa &eacute; que 3,7 mil vagas sejam abertas para preenchimento j&aacute; a partir do pr&oacute;ximo m&ecirc;s de fevereiro, sendo duas mil vagas para m&eacute;dicos, mil para enfermeiros e 700 para cirurgi&otilde;es-dentistas. &nbsp;<\/span><\/p>\n<p style=\"margin-top: 0px; margin-right: 0px; margin-bottom: 0px; margin-left: 0px; padding-top: 0px; padding-right: 0px; padding-bottom: 18px; padding-left: 0px; border-top-width: 0px; border-right-width: 0px; border-bottom-width: 0px; border-left-width: 0px; border-style: initial; border-color: initial; border-image: initial; outline-width: 0px; outline-style: initial; outline-color: initial; vertical-align: baseline; background-image: initial; background-attachment: initial; background-origin: initial; background-clip: initial; font: normal normal normal 1.3em\/normal Arial, Helvetica, sans-serif; color: rgb(40, 49, 48); line-height: 17px; \"><strong class=\"first-child last-child\" style=\"margin-top: 0px; margin-right: 0px; margin-bottom: 0px; margin-left: 0px; padding-top: 0px; padding-right: 0px; padding-bottom: 0px; padding-left: 0px; border-top-width: 0px; border-right-width: 0px; border-bottom-width: 0px; border-left-width: 0px; border-style: initial; border-color: initial; border-image: initial; outline-width: 0px; outline-style: initial; outline-color: initial; vertical-align: baseline; background-image: initial; background-attachment: initial; background-origin: initial; background-clip: initial; background-color: transparent; background-position: initial initial; background-repeat: initial initial; \"><br \/>\nInscri&ccedil;&otilde;es<\/strong><\/p>\n<p style=\"margin-top: 0px; margin-right: 0px; margin-bottom: 0px; margin-left: 0px; padding-top: 0px; padding-right: 0px; padding-bottom: 18px; padding-left: 0px; border-top-width: 0px; border-right-width: 0px; border-bottom-width: 0px; border-left-width: 0px; border-style: initial; border-color: initial; border-image: initial; outline-width: 0px; outline-style: initial; outline-color: initial; vertical-align: baseline; background-image: initial; background-attachment: initial; background-origin: initial; background-clip: initial; font: normal normal normal 1.3em\/normal Arial, Helvetica, sans-serif; color: rgb(40, 49, 48); line-height: 17px; \">Os munic&iacute;pios devem encaminhar a documenta&ccedil;&atilde;o indicada no edital de convoca&ccedil;&atilde;o ao endere&ccedil;o eletr&ocirc;nico provabs@saude.gov.br , ou via correio, para o endere&ccedil;o: Esplanada dos Minist&eacute;rios, Bloco G, 7&ordm; andar, sala 725 &ndash; CEP 70.058-900, Bras&iacute;lia-DF, com a indica&ccedil;&atilde;o: Provab\/Supervis&atilde;o\/Deges\/SGTES\/MS&nbsp;<\/p>\n","protected":false},"excerpt":{"rendered":"<p>O Minist\u00e9rio da Sa\u00fade  prorrogou at\u00e9 31 de janeiro o prazo de ades\u00e3o de munic\u00edpios ao Programa de Valoriza\u00e7\u00e3o dos Profissionais na Aten\u00e7\u00e3o B\u00e1sica (Provab). Criado em parceria com o Minist\u00e9rio da Educa\u00e7\u00e3o, o programa oferece incentivos a profissionais de sa\u00fade rec\u00e9m-formados que optarem por atuar em unidades b\u00e1sicas de sa\u00fade de locais com popula\u00e7\u00e3o em situa\u00e7\u00e3o de pobreza, isolados dos grandes centros ou com dificuldades de contrata\u00e7\u00e3o para o Sistema \u00danico de Sa\u00fade (SUS).<\/p>\n","protected":false},"author":1,"featured_media":26293,"comment_status":"open","ping_status":"open","sticky":false,"template":"","format":"standard","meta":{"footnotes":""},"categories":[1],"tags":[5868],"class_list":["post-26294","post","type-post","status-publish","format-standard","has-post-thumbnail","hentry","category-noticias-zeca-dirceu","tag-atencao-municipios-provab-tem-inscricoes-prorrogadas"],"_links":{"self":[{"href":"https:\/\/teste.bsb.br\/zeca\/wp-json\/wp\/v2\/posts\/26294","targetHints":{"allow":["GET"]}}],"collection":[{"href":"https:\/\/teste.bsb.br\/zeca\/wp-json\/wp\/v2\/posts"}],"about":[{"href":"https:\/\/teste.bsb.br\/zeca\/wp-json\/wp\/v2\/types\/post"}],"author":[{"embeddable":true,"href":"https:\/\/teste.bsb.br\/zeca\/wp-json\/wp\/v2\/users\/1"}],"replies":[{"embeddable":true,"href":"https:\/\/teste.bsb.br\/zeca\/wp-json\/wp\/v2\/comments?post=26294"}],"version-history":[{"count":0,"href":"https:\/\/teste.bsb.br\/zeca\/wp-json\/wp\/v2\/posts\/26294\/revisions"}],"wp:featuredmedia":[{"embeddable":true,"href":"https:\/\/teste.bsb.br\/zeca\/wp-json\/wp\/v2\/media\/26293"}],"wp:attachment":[{"href":"https:\/\/teste.bsb.br\/zeca\/wp-json\/wp\/v2\/media?parent=26294"}],"wp:term":[{"taxonomy":"category","embeddable":true,"href":"https:\/\/teste.bsb.br\/zeca\/wp-json\/wp\/v2\/categories?post=26294"},{"taxonomy":"post_tag","embeddable":true,"href":"https:\/\/teste.bsb.br\/zeca\/wp-json\/wp\/v2\/tags?post=26294"}],"curies":[{"name":"wp","href":"https:\/\/api.w.org\/{rel}","templated":true}]}}