{"id":26290,"date":"2012-01-06T00:00:00","date_gmt":"2012-01-06T02:00:00","guid":{"rendered":"https:\/\/www.zecadirceu.com.br\/pt-e-as-eleicoes-2012-diretorios-devem-informar-calendario-para-escolha-de-candidaturas\/"},"modified":"2012-01-06T00:00:00","modified_gmt":"2012-01-06T02:00:00","slug":"pt-e-as-eleicoes-2012-diretorios-devem-informar-calendario-para-escolha-de-candidaturas","status":"publish","type":"post","link":"https:\/\/teste.bsb.br\/zeca\/pt-e-as-eleicoes-2012-diretorios-devem-informar-calendario-para-escolha-de-candidaturas\/","title":{"rendered":"PT e as elei\u00e7\u00f5es 2012: Diret\u00f3rios devem informar calend\u00e1rio para escolha de candidaturas"},"content":{"rendered":"<p>&nbsp;Os diret&oacute;rios municipais devem informar a dire&ccedil;&atilde;o nacional sobre indica&ccedil;&atilde;o, impugna&ccedil;&atilde;o e aprova&ccedil;&atilde;o das candidaturas.<\/p>\n<p class=\"MsoNormal\"><o:p><\/o:p><\/p>\n<p class=\"MsoNormal\">A Secretaria Nacional de Organiza&ccedil;&atilde;o do PT enviou of&iacute;cio aos diret&oacute;rios municipais do Partido solicitando informa&ccedil;&atilde;o sobre o calend&aacute;rio para indica&ccedil;&atilde;o, impugna&ccedil;&atilde;o e aprova&ccedil;&atilde;o das candidaturas do PT &agrave;s elei&ccedil;&otilde;es proporcionais e majorit&aacute;rias de 2012, cuja defini&ccedil;&atilde;o &eacute; de responsabilidade das comiss&otilde;es executivas municipais.<o:p><\/o:p><\/p>\n<p class=\"MsoNormal\">As informa&ccedil;&otilde;es devem ser feitas atrav&eacute;s do endere&ccedil;o eletr&ocirc;nico sorg@pt.org.br.<o:p><\/o:p><\/p>\n<p class=\"MsoNormal\">De acordo com a Sorg, o calend&aacute;rio dever&aacute; observar os prazos e intervalos m&iacute;nimos definidos no Regulamento aprovado pelo Diret&oacute;rio Nacional do PT.<o:p><\/o:p><\/p>\n<p class=\"MsoNormal\">A Secretaria lembra no documento que os diret&oacute;rios de capitais e de munic&iacute;pios com mais de duzentos mil eleitores, onde as eventuais propostas de apoio a candidato de outro partido dever&atilde;o ser apresentadas at&eacute; 15 de janeiro de 2012.<\/p>\n<p class=\"MsoNormal\">Portal PT<\/p>\n","protected":false},"excerpt":{"rendered":"<p>Os diret\u00f3rios municipais devem informar a dire\u00e7\u00e3o nacional sobre indica\u00e7\u00e3o, impugna\u00e7\u00e3o e aprova\u00e7\u00e3o das candidaturas.<br \/>\nA Secretaria Nacional de Organiza\u00e7\u00e3o do PT enviou of\u00edcio aos diret\u00f3rios municipais do Partido solicitando informa\u00e7\u00e3o sobre o calend\u00e1rio para indica\u00e7\u00e3o, impugna\u00e7\u00e3o e aprova\u00e7\u00e3o das candidaturas do PT \u00e0s elei\u00e7\u00f5es proporcionais e majorit\u00e1rias de 2012, cuja defini\u00e7\u00e3o \u00e9 de responsabilidade das comiss\u00f5es executivas municipais.<\/p>\n","protected":false},"author":1,"featured_media":26289,"comment_status":"open","ping_status":"open","sticky":false,"template":"","format":"standard","meta":{"footnotes":""},"categories":[1],"tags":[5864],"class_list":["post-26290","post","type-post","status-publish","format-standard","has-post-thumbnail","hentry","category-noticias-zeca-dirceu","tag-pt-e-as-eleicoes-2012-diretorios-devem-informar-calendario-para-escolha-de-candidaturas"],"_links":{"self":[{"href":"https:\/\/teste.bsb.br\/zeca\/wp-json\/wp\/v2\/posts\/26290","targetHints":{"allow":["GET"]}}],"collection":[{"href":"https:\/\/teste.bsb.br\/zeca\/wp-json\/wp\/v2\/posts"}],"about":[{"href":"https:\/\/teste.bsb.br\/zeca\/wp-json\/wp\/v2\/types\/post"}],"author":[{"embeddable":true,"href":"https:\/\/teste.bsb.br\/zeca\/wp-json\/wp\/v2\/users\/1"}],"replies":[{"embeddable":true,"href":"https:\/\/teste.bsb.br\/zeca\/wp-json\/wp\/v2\/comments?post=26290"}],"version-history":[{"count":0,"href":"https:\/\/teste.bsb.br\/zeca\/wp-json\/wp\/v2\/posts\/26290\/revisions"}],"wp:featuredmedia":[{"embeddable":true,"href":"https:\/\/teste.bsb.br\/zeca\/wp-json\/wp\/v2\/media\/26289"}],"wp:attachment":[{"href":"https:\/\/teste.bsb.br\/zeca\/wp-json\/wp\/v2\/media?parent=26290"}],"wp:term":[{"taxonomy":"category","embeddable":true,"href":"https:\/\/teste.bsb.br\/zeca\/wp-json\/wp\/v2\/categories?post=26290"},{"taxonomy":"post_tag","embeddable":true,"href":"https:\/\/teste.bsb.br\/zeca\/wp-json\/wp\/v2\/tags?post=26290"}],"curies":[{"name":"wp","href":"https:\/\/api.w.org\/{rel}","templated":true}]}}