{"id":26288,"date":"2012-01-06T00:00:00","date_gmt":"2012-01-06T02:00:00","guid":{"rendered":"https:\/\/www.zecadirceu.com.br\/r-150-mil-em-recursos-federais-para-sao-miguel-do-iguacu\/"},"modified":"2012-01-06T00:00:00","modified_gmt":"2012-01-06T02:00:00","slug":"r-150-mil-em-recursos-federais-para-sao-miguel-do-iguacu","status":"publish","type":"post","link":"https:\/\/teste.bsb.br\/zeca\/r-150-mil-em-recursos-federais-para-sao-miguel-do-iguacu\/","title":{"rendered":"R$ 150 mil em recursos federais para S\u00e3o Miguel do Igua\u00e7u"},"content":{"rendered":"<p>&nbsp;O deputado federal Zeca Dirceu (PT-PR) garantiu ao Paran&aacute; R$2,5 milh&otilde;es em recursos federais que ser&atilde;o destinados para melhorias de sistemas p&uacute;blicos de manejo de lixo urbano e constru&ccedil;&atilde;o de aterros sanit&aacute;rios. Dentre os munic&iacute;pios contemplados est&aacute; S&atilde;o Miguel do Igua&ccedil;u, que vai receber um valor total de R$ 150 mil. Como parlamentar de primeiro mandato, Zeca Dirceu destinou uma cota de recursos federais para a&ccedil;&otilde;es essenciais &agrave; popula&ccedil;&atilde;o.<\/p>\n<p class=\"MsoNormal\"><o:p><\/o:p><\/p>\n<p class=\"MsoNormal\">O valor recebido pelo munic&iacute;pio ser&aacute; destinado &agrave; compra de um caminh&atilde;o para Coleta Seletiva, o que contribuir&aacute; para melhorias nos sistemas p&uacute;blicos de coleta de lixo urbano. &ldquo;Este investimento propiciar&aacute; um tratamento mais adequado aos res&iacute;duos s&oacute;lidos e ao lixo, evitando a contamina&ccedil;&atilde;o da popula&ccedil;&atilde;o por doen&ccedil;as e respeitando tamb&eacute;m o meio ambiente&rdquo;, explicou o deputado Zeca Dirceu.<o:p><\/o:p><\/p>\n<p class=\"MsoNormal\">Todos esses recursos j&aacute; foram empenhados na Funda&ccedil;&atilde;o Nacional de Sa&uacute;de (FUNASA). O empenho &eacute; a garantia de pagamento por parte Governo.<\/p>\n","protected":false},"excerpt":{"rendered":"<p>O deputado federal Zeca Dirceu (PT-PR) garantiu ao Paran\u00e1 R$2,5 milh\u00f5es em recursos federais que ser\u00e3o destinados para melhorias de sistemas p\u00fablicos de manejo de lixo urbano e constru\u00e7\u00e3o de aterros sanit\u00e1rios. Dentre os munic\u00edpios contemplados est\u00e1 S\u00e3o Miguel do Igua\u00e7u, que vai receber um valor total de R$ 150 mil. Como parlamentar de primeiro mandato, Zeca Dirceu destinou uma cota de recursos federais para a\u00e7\u00f5es essenciais \u00e0 popula\u00e7\u00e3o.<\/p>\n","protected":false},"author":1,"featured_media":26287,"comment_status":"open","ping_status":"open","sticky":false,"template":"","format":"standard","meta":{"footnotes":""},"categories":[1],"tags":[5863],"class_list":["post-26288","post","type-post","status-publish","format-standard","has-post-thumbnail","hentry","category-noticias-zeca-dirceu","tag-r-150-mil-em-recursos-federais-para-sao-miguel-do-iguacu"],"_links":{"self":[{"href":"https:\/\/teste.bsb.br\/zeca\/wp-json\/wp\/v2\/posts\/26288","targetHints":{"allow":["GET"]}}],"collection":[{"href":"https:\/\/teste.bsb.br\/zeca\/wp-json\/wp\/v2\/posts"}],"about":[{"href":"https:\/\/teste.bsb.br\/zeca\/wp-json\/wp\/v2\/types\/post"}],"author":[{"embeddable":true,"href":"https:\/\/teste.bsb.br\/zeca\/wp-json\/wp\/v2\/users\/1"}],"replies":[{"embeddable":true,"href":"https:\/\/teste.bsb.br\/zeca\/wp-json\/wp\/v2\/comments?post=26288"}],"version-history":[{"count":0,"href":"https:\/\/teste.bsb.br\/zeca\/wp-json\/wp\/v2\/posts\/26288\/revisions"}],"wp:featuredmedia":[{"embeddable":true,"href":"https:\/\/teste.bsb.br\/zeca\/wp-json\/wp\/v2\/media\/26287"}],"wp:attachment":[{"href":"https:\/\/teste.bsb.br\/zeca\/wp-json\/wp\/v2\/media?parent=26288"}],"wp:term":[{"taxonomy":"category","embeddable":true,"href":"https:\/\/teste.bsb.br\/zeca\/wp-json\/wp\/v2\/categories?post=26288"},{"taxonomy":"post_tag","embeddable":true,"href":"https:\/\/teste.bsb.br\/zeca\/wp-json\/wp\/v2\/tags?post=26288"}],"curies":[{"name":"wp","href":"https:\/\/api.w.org\/{rel}","templated":true}]}}