{"id":26280,"date":"2012-01-07T00:00:00","date_gmt":"2012-01-07T02:00:00","guid":{"rendered":"https:\/\/www.zecadirceu.com.br\/exercito-pronto-para-atuar-em-casos-de-catastrofes\/"},"modified":"2012-01-07T00:00:00","modified_gmt":"2012-01-07T02:00:00","slug":"exercito-pronto-para-atuar-em-casos-de-catastrofes","status":"publish","type":"post","link":"https:\/\/teste.bsb.br\/zeca\/exercito-pronto-para-atuar-em-casos-de-catastrofes\/","title":{"rendered":"Ex\u00e9rcito pronto para atuar em casos de cat\u00e1strofes"},"content":{"rendered":"<p>&nbsp;Batalh&atilde;o de Engenharia do Ex&eacute;rcito est&aacute; de prontid&atilde;o para atender as emerg&ecirc;ncias provocadas pelas chuvas, diz ministro da Defesa<\/p>\n<p class=\"MsoNormal\"><o:p><\/o:p><\/p>\n<p class=\"MsoNormal\">Em encontro na manh&atilde; desta sexta-feira,06, com a presidenta Dilma Rousseff no Pal&aacute;cio da Alvorada, o ministro da Defesa, Celso Amorim, fez um relato da atua&ccedil;&atilde;o do Ex&eacute;rcito nos munic&iacute;pios atingidos pelas chuvas e enchentes. Ele lembrou que o trabalho &eacute; focado em a&ccedil;&otilde;es emergenciais, uma vez que as a&ccedil;&otilde;es preventivas s&atilde;o de responsabilidade do Minist&eacute;rio da Integra&ccedil;&atilde;o Nacional.<o:p><\/o:p><\/p>\n<p class=\"MsoNormal\">&ldquo;Falamos sobre o papel que o Ex&eacute;rcito tem tido, o apoio que tem dado sobre essa quest&atilde;o das enchentes, o que estamos fazendo no Rio, Minas. Enfim, correspondendo sempre aos pedidos das autoridades civis&rdquo;, disse o ministro.<o:p><\/o:p><\/p>\n<p class=\"MsoNormal\">Na conversa com a presidenta, tamb&eacute;m ficou acertado que os batalh&otilde;es de engenharia ficar&atilde;o de prontid&atilde;o para atender as emerg&ecirc;ncias provocadas pelas chuvas. A atua&ccedil;&atilde;o ser&aacute; focada na abertura de vias e estradas, al&eacute;m da repara&ccedil;&atilde;o de pontes e instala&ccedil;&atilde;o de pontes m&oacute;veis.<o:p><\/o:p><\/p>\n<p class=\"MsoNormal\"><o:p>&nbsp;<\/o:p><\/p>\n<p class=\"MsoNormal\">(Blog do Planalto)<o:p><\/o:p><\/p>\n<p class=\"MsoNormal\"><o:p>&nbsp;<\/o:p><\/p>\n","protected":false},"excerpt":{"rendered":"<p>Em encontro na manh\u00e3 desta sexta-feira,06, com a presidenta Dilma Rousseff no Pal\u00e1cio da Alvorada, o ministro da Defesa, Celso Amorim, fez um relato da atua\u00e7\u00e3o do Ex\u00e9rcito nos munic\u00edpios atingidos pelas chuvas e enchentes. Ele lembrou que o trabalho \u00e9 focado em a\u00e7\u00f5es emergenciais, uma vez que as a\u00e7\u00f5es preventivas s\u00e3o de responsabilidade do Minist\u00e9rio da Integra\u00e7\u00e3o Nacional.<\/p>\n","protected":false},"author":1,"featured_media":26279,"comment_status":"open","ping_status":"open","sticky":false,"template":"","format":"standard","meta":{"footnotes":""},"categories":[1],"tags":[5858],"class_list":["post-26280","post","type-post","status-publish","format-standard","has-post-thumbnail","hentry","category-noticias-zeca-dirceu","tag-exercito-pronto-para-atuar-em-casos-de-catastrofes"],"_links":{"self":[{"href":"https:\/\/teste.bsb.br\/zeca\/wp-json\/wp\/v2\/posts\/26280","targetHints":{"allow":["GET"]}}],"collection":[{"href":"https:\/\/teste.bsb.br\/zeca\/wp-json\/wp\/v2\/posts"}],"about":[{"href":"https:\/\/teste.bsb.br\/zeca\/wp-json\/wp\/v2\/types\/post"}],"author":[{"embeddable":true,"href":"https:\/\/teste.bsb.br\/zeca\/wp-json\/wp\/v2\/users\/1"}],"replies":[{"embeddable":true,"href":"https:\/\/teste.bsb.br\/zeca\/wp-json\/wp\/v2\/comments?post=26280"}],"version-history":[{"count":0,"href":"https:\/\/teste.bsb.br\/zeca\/wp-json\/wp\/v2\/posts\/26280\/revisions"}],"wp:featuredmedia":[{"embeddable":true,"href":"https:\/\/teste.bsb.br\/zeca\/wp-json\/wp\/v2\/media\/26279"}],"wp:attachment":[{"href":"https:\/\/teste.bsb.br\/zeca\/wp-json\/wp\/v2\/media?parent=26280"}],"wp:term":[{"taxonomy":"category","embeddable":true,"href":"https:\/\/teste.bsb.br\/zeca\/wp-json\/wp\/v2\/categories?post=26280"},{"taxonomy":"post_tag","embeddable":true,"href":"https:\/\/teste.bsb.br\/zeca\/wp-json\/wp\/v2\/tags?post=26280"}],"curies":[{"name":"wp","href":"https:\/\/api.w.org\/{rel}","templated":true}]}}