{"id":26274,"date":"2012-01-08T00:00:00","date_gmt":"2012-01-08T02:00:00","guid":{"rendered":"https:\/\/www.zecadirceu.com.br\/para-mulheres-igualdade-no-trabalho-e-prioridade\/"},"modified":"2012-01-08T00:00:00","modified_gmt":"2012-01-08T02:00:00","slug":"para-mulheres-igualdade-no-trabalho-e-prioridade","status":"publish","type":"post","link":"https:\/\/teste.bsb.br\/zeca\/para-mulheres-igualdade-no-trabalho-e-prioridade\/","title":{"rendered":"Para mulheres, igualdade no trabalho \u00e9 prioridade"},"content":{"rendered":"<div>A garantia e amplia&ccedil;&atilde;o dos direitos das trabalhadoras dom&eacute;sticas para a equipara&ccedil;&atilde;o de direitos com outros segmentos profissionais. Cria&ccedil;&atilde;o e amplia&ccedil;&atilde;o de programas de qualifica&ccedil;&atilde;o, capacita&ccedil;&atilde;o e forma&ccedil;&atilde;o de mulheres para o mercado de trabalho, rural e urbano. Redu&ccedil;&atilde;o da jornada de trabalho para 40 horas semanais e universaliza&ccedil;&atilde;o da licen&ccedil;a-maternidade. Estes s&atilde;o os principais destaques entre as resolu&ccedil;&otilde;es aprovadas na 3&ordf; Confer&ecirc;ncia Nacional de Pol&iacute;ticas para as Mulheres, realizada de 12 a 15 de dezembro, em Bras&iacute;lia.<\/div>\n<div>&nbsp;<\/div>\n<div>&ldquo;A Confer&ecirc;ncia nos trouxe condi&ccedil;&otilde;es de dar mais consist&ecirc;ncia &agrave;s a&ccedil;&otilde;es aprovadas, criando meios de implementa&ccedil;&atilde;o por parte dos governos, e a transpar&ecirc;ncia permitir&aacute; a fiscaliza&ccedil;&atilde;o por parte da sociedade&rdquo;, afirma a ministra da Secretaria Nacional de Pol&iacute;ticas para as Mulheres , Iriny Lopes. Na avalia&ccedil;&atilde;o da ministra, as 2.500 delegadas hierarquizaram resolu&ccedil;&otilde;es e a&ccedil;&otilde;es que possibilitam condi&ccedil;&otilde;es de avan&ccedil;ar na autonomia econ&ocirc;mica e financeira das mulheres.<\/div>\n<div>&nbsp;<\/div>\n<div>A constru&ccedil;&atilde;o da igualdade de g&ecirc;nero, na perspectiva do fortalecimento da autonomia econ&ocirc;mica, social, cultural e pol&iacute;tica das mulheres brasileiras e, ainda, que contribua para a erradica&ccedil;&atilde;o da pobreza extrema e para o exerc&iacute;cio pleno da cidadania norteou o evento.<\/div>\n<div>&nbsp;<\/div>\n<div>O documento final tamb&eacute;m destacou a necessidade de ampliar, aperfei&ccedil;oar e monitorar a Rede de Atendimento &agrave;s Mulheres em situa&ccedil;&atilde;o de viol&ecirc;ncia e a efetiva implementa&ccedil;&atilde;o da Lei Maria da Penha. Tamb&eacute;m neste sentido, o aprimoramento e acompanhamento da legisla&ccedil;&atilde;o nacional e internacional que respeite os direitos humanos das mulheres a uma vida digna e sem viol&ecirc;ncia.<\/div>\n<div>&nbsp;<\/div>\n<div>A 3&ordf; edi&ccedil;&atilde;o da Confer&ecirc;ncia contabilizou a participa&ccedil;&atilde;o de duzentas mil pessoas durante todo o processo. Na etapa nacional, assim como nas outras, as mulheres eram a maioria entre os 2.300 delegada(o)s e 500 observadora(e)s e convidada(o)s. As etapas municipais foram realizadas em 1.200 munic&iacute;pios.<\/div>\n<div>&nbsp;<\/div>\n<div>Secom<\/div>\n","protected":false},"excerpt":{"rendered":"<p>A garantia e amplia\u00e7\u00e3o dos direitos das trabalhadoras dom\u00e9sticas para a equipara\u00e7\u00e3o de direitos com outros segmentos profissionais. Cria\u00e7\u00e3o e amplia\u00e7\u00e3o de programas de qualifica\u00e7\u00e3o, capacita\u00e7\u00e3o e forma\u00e7\u00e3o de mulheres para o mercado de trabalho, rural e urbano. Redu\u00e7\u00e3o da jornada de trabalho para 40 horas semanais e universaliza\u00e7\u00e3o da licen\u00e7a-maternidade.<\/p>\n","protected":false},"author":1,"featured_media":26273,"comment_status":"open","ping_status":"open","sticky":false,"template":"","format":"standard","meta":{"footnotes":""},"categories":[1],"tags":[5855,5854],"class_list":["post-26274","post","type-post","status-publish","format-standard","has-post-thumbnail","hentry","category-noticias-zeca-dirceu","tag-igualdade-no-trabalho-e-prioridade","tag-para-mulheres"],"_links":{"self":[{"href":"https:\/\/teste.bsb.br\/zeca\/wp-json\/wp\/v2\/posts\/26274","targetHints":{"allow":["GET"]}}],"collection":[{"href":"https:\/\/teste.bsb.br\/zeca\/wp-json\/wp\/v2\/posts"}],"about":[{"href":"https:\/\/teste.bsb.br\/zeca\/wp-json\/wp\/v2\/types\/post"}],"author":[{"embeddable":true,"href":"https:\/\/teste.bsb.br\/zeca\/wp-json\/wp\/v2\/users\/1"}],"replies":[{"embeddable":true,"href":"https:\/\/teste.bsb.br\/zeca\/wp-json\/wp\/v2\/comments?post=26274"}],"version-history":[{"count":0,"href":"https:\/\/teste.bsb.br\/zeca\/wp-json\/wp\/v2\/posts\/26274\/revisions"}],"wp:featuredmedia":[{"embeddable":true,"href":"https:\/\/teste.bsb.br\/zeca\/wp-json\/wp\/v2\/media\/26273"}],"wp:attachment":[{"href":"https:\/\/teste.bsb.br\/zeca\/wp-json\/wp\/v2\/media?parent=26274"}],"wp:term":[{"taxonomy":"category","embeddable":true,"href":"https:\/\/teste.bsb.br\/zeca\/wp-json\/wp\/v2\/categories?post=26274"},{"taxonomy":"post_tag","embeddable":true,"href":"https:\/\/teste.bsb.br\/zeca\/wp-json\/wp\/v2\/tags?post=26274"}],"curies":[{"name":"wp","href":"https:\/\/api.w.org\/{rel}","templated":true}]}}