{"id":26272,"date":"2012-01-08T00:00:00","date_gmt":"2012-01-08T02:00:00","guid":{"rendered":"https:\/\/www.zecadirceu.com.br\/miriam-belchior-diz-que-investimentos-em-prevencao-de-desastres-sao-prioritarios\/"},"modified":"2012-01-08T00:00:00","modified_gmt":"2012-01-08T02:00:00","slug":"miriam-belchior-diz-que-investimentos-em-prevencao-de-desastres-sao-prioritarios","status":"publish","type":"post","link":"https:\/\/teste.bsb.br\/zeca\/miriam-belchior-diz-que-investimentos-em-prevencao-de-desastres-sao-prioritarios\/","title":{"rendered":"Miriam Belchior diz que investimentos em preven\u00e7\u00e3o de desastres s\u00e3o priorit\u00e1rios"},"content":{"rendered":"<p>A ministra do Planejamento, Mirian Belchior, disse na sexta-feira (6) que os estados do Sudeste castigados pelas fortes chuvas que caem na regi&atilde;o receber&atilde;o apoio para medidas emergenciais, mas que os investimentos do governo em defesa civil ter&atilde;o como prioridade as a&ccedil;&otilde;es de preven&ccedil;&atilde;o de desastres.<\/p>\n<p>&ldquo;Essa &eacute; uma orienta&ccedil;&atilde;o da presidenta Dilma Rousseff de mudar a forma de trabalhar a&ccedil;&otilde;es de defesa civil. N&atilde;o adianta trabalhar s&oacute; na hora em que acontece a trag&eacute;dia, &eacute; preciso trabalhar com solu&ccedil;&otilde;es definitivas para essas ocorr&ecirc;ncias, para que elas n&atilde;o se repitam, ou sejam minimizadas&rdquo;, afirmou a ministra.<\/p>\n<p>Entre os investimentos de preven&ccedil;&atilde;o, a ministra citou o Centro Nacional de Monitoramento e Alertas de Desastres Naturais (Cemaden), criado para emitir alertas em &aacute;reas de risco de inunda&ccedil;&otilde;es, enxurradas e deslizamentos. &ldquo;O Cemaden j&aacute; est&aacute; funcionando e conseguindo evitar mortes por causa dos alertas. Tamb&eacute;m criamos o Centro Nacional de Gerenciamento de Riscos e Desastres, que permite estabelecer uma rede nacional de informa&ccedil;&otilde;es, para que l&aacute; na ponta, a defesa civil possa ter a capacidade de se mobilizar&rdquo;.<\/p>\n<p>Na pr&oacute;xima ter&ccedil;a-feira (10), a ministra do Planejamento deve receber o governador de Minas Gerais, Ant&ocirc;nio Anastasia, para tratar de repasses ao estado para recupera&ccedil;&atilde;o de munic&iacute;pios atingidos pelas enchentes. Minas enfrenta a pior situa&ccedil;&atilde;o entre os estados do Sudeste afetados pelas chuvas de ver&atilde;o. A Defesa Civil estadual estima que 2 milh&otilde;es de pessoas no estado tenham sido afetadas pelas chuvas. Quase 10 mil est&atilde;o desalojadas e 512 desabrigadas. Pelo menos oito pessoas morreram.<\/p>\n<p>(Portal PT com Ag&ecirc;ncia Brasil)<\/p>\n","protected":false},"excerpt":{"rendered":"<p>A ministra do Planejamento, Mirian Belchior, disse na sexta-feira (6) que os estados do Sudeste castigados pelas fortes chuvas que caem na regi\u00e3o receber\u00e3o apoio para medidas emergenciais, mas que os investimentos do governo em defesa civil ter\u00e3o como prioridade as a\u00e7\u00f5es de preven\u00e7\u00e3o de desastres.<\/p>\n","protected":false},"author":1,"featured_media":26271,"comment_status":"open","ping_status":"open","sticky":false,"template":"","format":"standard","meta":{"footnotes":""},"categories":[1],"tags":[5853],"class_list":["post-26272","post","type-post","status-publish","format-standard","has-post-thumbnail","hentry","category-noticias-zeca-dirceu","tag-miriam-belchior-diz-que-investimentos-em-prevencao-de-desastres-sao-prioritarios"],"_links":{"self":[{"href":"https:\/\/teste.bsb.br\/zeca\/wp-json\/wp\/v2\/posts\/26272","targetHints":{"allow":["GET"]}}],"collection":[{"href":"https:\/\/teste.bsb.br\/zeca\/wp-json\/wp\/v2\/posts"}],"about":[{"href":"https:\/\/teste.bsb.br\/zeca\/wp-json\/wp\/v2\/types\/post"}],"author":[{"embeddable":true,"href":"https:\/\/teste.bsb.br\/zeca\/wp-json\/wp\/v2\/users\/1"}],"replies":[{"embeddable":true,"href":"https:\/\/teste.bsb.br\/zeca\/wp-json\/wp\/v2\/comments?post=26272"}],"version-history":[{"count":0,"href":"https:\/\/teste.bsb.br\/zeca\/wp-json\/wp\/v2\/posts\/26272\/revisions"}],"wp:featuredmedia":[{"embeddable":true,"href":"https:\/\/teste.bsb.br\/zeca\/wp-json\/wp\/v2\/media\/26271"}],"wp:attachment":[{"href":"https:\/\/teste.bsb.br\/zeca\/wp-json\/wp\/v2\/media?parent=26272"}],"wp:term":[{"taxonomy":"category","embeddable":true,"href":"https:\/\/teste.bsb.br\/zeca\/wp-json\/wp\/v2\/categories?post=26272"},{"taxonomy":"post_tag","embeddable":true,"href":"https:\/\/teste.bsb.br\/zeca\/wp-json\/wp\/v2\/tags?post=26272"}],"curies":[{"name":"wp","href":"https:\/\/api.w.org\/{rel}","templated":true}]}}