{"id":26264,"date":"2012-01-09T00:00:00","date_gmt":"2012-01-09T02:00:00","guid":{"rendered":"https:\/\/www.zecadirceu.com.br\/escola-participa-de-projeto-em-mt-para-documentar-lingua\/"},"modified":"2012-01-09T00:00:00","modified_gmt":"2012-01-09T02:00:00","slug":"escola-participa-de-projeto-em-mt-para-documentar-lingua","status":"publish","type":"post","link":"https:\/\/teste.bsb.br\/zeca\/escola-participa-de-projeto-em-mt-para-documentar-lingua\/","title":{"rendered":"Escola participa de projeto em MT para documentar l\u00edngua"},"content":{"rendered":"<p>&nbsp; <span style=\"color: rgb(52, 52, 52); font-family: Verdana, 'Bitstream Vera Sans', Arial, sans-serif; line-height: 19px; background-color: rgb(241, 246, 228); \">Estudantes e professores da Escola Ind&iacute;gena Central Ikpeng, na comunidade Moygu, em Feliz Natal, a 500 quil&ocirc;metros de Cuiab&aacute;, est&atilde;o envolvidos no projeto de documenta&ccedil;&atilde;o da l&iacute;ngua icpengue, desenvolvido pelo Museu do &Iacute;ndio da Funda&ccedil;&atilde;o Nacional do &Iacute;ndio (Funai). O trabalho faz parte do Projeto de Documenta&ccedil;&atilde;o de L&iacute;nguas Ind&iacute;genas Brasileiras (Prodoclin), que integra o Programa de Documenta&ccedil;&atilde;o de L&iacute;nguas e Culturas Ind&iacute;genas Brasileiras (Progdoc) do Museu do &Iacute;ndio, em parceria com a Organiza&ccedil;&atilde;o das Na&ccedil;&otilde;es Unidas para Educa&ccedil;&atilde;o, Ci&ecirc;ncia e Cultura (Unesco).<\/span><br style=\"padding-top: 0px; padding-right: 0px; padding-bottom: 0px; padding-left: 0px; margin-top: 0px; margin-right: 0px; margin-bottom: 0px; margin-left: 0px; font-family: Verdana, 'Bitstream Vera Sans', Arial, sans-serif; color: rgb(52, 52, 52); line-height: 19px; background-color: rgb(241, 246, 228); \" \/><br \/>\n<br style=\"padding-top: 0px; padding-right: 0px; padding-bottom: 0px; padding-left: 0px; margin-top: 0px; margin-right: 0px; margin-bottom: 0px; margin-left: 0px; font-family: Verdana, 'Bitstream Vera Sans', Arial, sans-serif; color: rgb(52, 52, 52); line-height: 19px; background-color: rgb(241, 246, 228); \" \/><br \/>\n<span style=\"color: rgb(52, 52, 52); font-family: Verdana, 'Bitstream Vera Sans', Arial, sans-serif; line-height: 19px; background-color: rgb(241, 246, 228); \">&ldquo;O principal objetivo do Prodoclin &eacute; a documenta&ccedil;&atilde;o lingu&iacute;stica, visando a fortalecer as l&iacute;nguas dos povos ind&iacute;genas brasileiros, que est&atilde;o amea&ccedil;adas, e tamb&eacute;m documentar as que est&atilde;o se extinguindo&rdquo;, explica Ingrid Lemos, pesquisadora do projeto. Segundo ela, dessa maneira os povos podem ter acesso a informa&ccedil;&otilde;es sobre sua l&iacute;ngua, mesmo que ela n&atilde;o seja falada no dia a dia. &ldquo;Temos povos com apenas tr&ecirc;s ou quatro falantes&rdquo;, revela Ingrid. Artista e designer, ela trabalha na documenta&ccedil;&atilde;o audiovisual e em oficinas de ilustra&ccedil;&atilde;o e de ensino de softwares.<\/span><br style=\"padding-top: 0px; padding-right: 0px; padding-bottom: 0px; padding-left: 0px; margin-top: 0px; margin-right: 0px; margin-bottom: 0px; margin-left: 0px; font-family: Verdana, 'Bitstream Vera Sans', Arial, sans-serif; color: rgb(52, 52, 52); line-height: 19px; background-color: rgb(241, 246, 228); \" \/><br \/>\n<br style=\"padding-top: 0px; padding-right: 0px; padding-bottom: 0px; padding-left: 0px; margin-top: 0px; margin-right: 0px; margin-bottom: 0px; margin-left: 0px; font-family: Verdana, 'Bitstream Vera Sans', Arial, sans-serif; color: rgb(52, 52, 52); line-height: 19px; background-color: rgb(241, 246, 228); \" \/><br \/>\n<span style=\"color: rgb(52, 52, 52); font-family: Verdana, 'Bitstream Vera Sans', Arial, sans-serif; line-height: 19px; background-color: rgb(241, 246, 228); \">O trabalho com os icpengues &eacute; realizado desde 2009, na modalidade a dist&acirc;ncia, sob a coordena&ccedil;&atilde;o da linguista &Acirc;ngela Chagas. A equipe do projeto visita a aldeia uma vez por ano e l&aacute; permanece por um m&ecirc;s para ministrar as oficinas. De acordo com Ingrid, o trabalho na aldeia &eacute; conduzido por dois bolsistas, com a colabora&ccedil;&atilde;o de integrantes da comunidade. &ldquo;Entre eles, os anci&atilde;os, que trazem seu conhecimento ancestral, fundamental para o trabalho com a l&iacute;ngua.&rdquo;&nbsp;<\/span><br style=\"padding-top: 0px; padding-right: 0px; padding-bottom: 0px; padding-left: 0px; margin-top: 0px; margin-right: 0px; margin-bottom: 0px; margin-left: 0px; font-family: Verdana, 'Bitstream Vera Sans', Arial, sans-serif; color: rgb(52, 52, 52); line-height: 19px; background-color: rgb(241, 246, 228); \" \/><br \/>\n<br style=\"padding-top: 0px; padding-right: 0px; padding-bottom: 0px; padding-left: 0px; margin-top: 0px; margin-right: 0px; margin-bottom: 0px; margin-left: 0px; font-family: Verdana, 'Bitstream Vera Sans', Arial, sans-serif; color: rgb(52, 52, 52); line-height: 19px; background-color: rgb(241, 246, 228); \" \/><br \/>\n<span style=\"color: rgb(52, 52, 52); font-family: Verdana, 'Bitstream Vera Sans', Arial, sans-serif; line-height: 19px; background-color: rgb(241, 246, 228); \">Ingrid considera muito boa a receptividade ao trabalho, principalmente com a consolida&ccedil;&atilde;o das visitas &agrave; aldeia e realiza&ccedil;&atilde;o de minicurso de fon&eacute;tica e fonologia e de oficinas sobre a produ&ccedil;&atilde;o de obras e para discutir a ortografia da l&iacute;ngua icpengue. &ldquo;Ainda n&atilde;o temos nada impresso porque estamos no momento de revis&atilde;o e planejamento gr&aacute;fico do material&rdquo;, diz. &ldquo;De qualquer forma, essas produ&ccedil;&otilde;es n&atilde;o ser&atilde;o comercializadas; destinam-se principalmente ao povo icpengue.&rdquo;<\/span><br style=\"padding-top: 0px; padding-right: 0px; padding-bottom: 0px; padding-left: 0px; margin-top: 0px; margin-right: 0px; margin-bottom: 0px; margin-left: 0px; font-family: Verdana, 'Bitstream Vera Sans', Arial, sans-serif; color: rgb(52, 52, 52); line-height: 19px; background-color: rgb(241, 246, 228); \" \/><br \/>\n<br style=\"padding-top: 0px; padding-right: 0px; padding-bottom: 0px; padding-left: 0px; margin-top: 0px; margin-right: 0px; margin-bottom: 0px; margin-left: 0px; font-family: Verdana, 'Bitstream Vera Sans', Arial, sans-serif; color: rgb(52, 52, 52); line-height: 19px; background-color: rgb(241, 246, 228); \" \/><br \/>\n<strong style=\"padding-top: 0px; padding-right: 0px; padding-bottom: 0px; padding-left: 0px; margin-top: 0px; margin-right: 0px; margin-bottom: 0px; margin-left: 0px; font-family: Verdana, 'Bitstream Vera Sans', Arial, sans-serif; color: rgb(52, 52, 52); line-height: 19px; background-color: rgb(241, 246, 228); \">Tradi&ccedil;&atilde;o<\/strong><span style=\"color: rgb(52, 52, 52); font-family: Verdana, 'Bitstream Vera Sans', Arial, sans-serif; line-height: 19px; background-color: rgb(241, 246, 228); \">&nbsp;&mdash; A primeira obra do projeto, sobre hist&oacute;rias tradicionais, tem o nome ainda provis&oacute;rio de Wonkinom M&iuml;ran (mitos de origem). Ainda em fase de revis&atilde;o, foi elaborada a partir da documenta&ccedil;&atilde;o em &aacute;udio e v&iacute;deo de hist&oacute;rias escolhidas pela comunidade. O material foi transcrito e traduzido pelos pesquisadores em softwares espec&iacute;ficos. Al&eacute;m dessa primeira obra, est&atilde;o em andamento uma de gram&aacute;tica e um dicion&aacute;rio bil&iacute;ngue, ilustrado.<\/span><br style=\"padding-top: 0px; padding-right: 0px; padding-bottom: 0px; padding-left: 0px; margin-top: 0px; margin-right: 0px; margin-bottom: 0px; margin-left: 0px; font-family: Verdana, 'Bitstream Vera Sans', Arial, sans-serif; color: rgb(52, 52, 52); line-height: 19px; background-color: rgb(241, 246, 228); \" \/><br \/>\n<br style=\"padding-top: 0px; padding-right: 0px; padding-bottom: 0px; padding-left: 0px; margin-top: 0px; margin-right: 0px; margin-bottom: 0px; margin-left: 0px; font-family: Verdana, 'Bitstream Vera Sans', Arial, sans-serif; color: rgb(52, 52, 52); line-height: 19px; background-color: rgb(241, 246, 228); \" \/><br \/>\n<span style=\"color: rgb(52, 52, 52); font-family: Verdana, 'Bitstream Vera Sans', Arial, sans-serif; line-height: 19px; background-color: rgb(241, 246, 228); \">Os icpengues j&aacute; t&ecirc;m sete livros publicados. Al&eacute;m desse projeto desenvolvido pelo Museu do &Iacute;ndio, eles trabalham em parceria com a Universidade do Estado de Mato Grosso (Unemat) e com o Projeto de Forma&ccedil;&atilde;o de Professores do Instituto Socioambiental. &ldquo;Agora, estamos trabalhando com a Unemat para produzir livros de alfabetiza&ccedil;&atilde;o na l&iacute;ngua icpengue&rdquo;, diz o diretor da Escola Ind&iacute;gena Central Ikpeng, Pomerquenpo Klemer Txic&atilde;o.<\/span><br style=\"padding-top: 0px; padding-right: 0px; padding-bottom: 0px; padding-left: 0px; margin-top: 0px; margin-right: 0px; margin-bottom: 0px; margin-left: 0px; font-family: Verdana, 'Bitstream Vera Sans', Arial, sans-serif; color: rgb(52, 52, 52); line-height: 19px; background-color: rgb(241, 246, 228); \" \/><br \/>\n<br style=\"padding-top: 0px; padding-right: 0px; padding-bottom: 0px; padding-left: 0px; margin-top: 0px; margin-right: 0px; margin-bottom: 0px; margin-left: 0px; font-family: Verdana, 'Bitstream Vera Sans', Arial, sans-serif; color: rgb(52, 52, 52); line-height: 19px; background-color: rgb(241, 246, 228); \" \/><br \/>\n<span style=\"color: rgb(52, 52, 52); font-family: Verdana, 'Bitstream Vera Sans', Arial, sans-serif; line-height: 19px; background-color: rgb(241, 246, 228); \">A escola atende 340 alunos das s&eacute;ries finais do ensino fundamental (sexto ao nono ano). Os estudantes moram em uma aldeia a quatro quil&ocirc;metros do pr&eacute;dio principal da escola, localizado no Posto Pavuru da Funai. A escola tamb&eacute;m tem salas anexas nas aldeias Caiabi e Trumai. Eles trabalham com projeto pol&iacute;tico-pedag&oacute;gico espec&iacute;fico, que contempla as ci&ecirc;ncias ind&iacute;genas, al&eacute;m de conte&uacute;do b&aacute;sico de matem&aacute;tica, portugu&ecirc;s e geografia. As aulas s&atilde;o ministradas de manh&atilde; e &agrave; tarde.<\/span><br style=\"padding-top: 0px; padding-right: 0px; padding-bottom: 0px; padding-left: 0px; margin-top: 0px; margin-right: 0px; margin-bottom: 0px; margin-left: 0px; font-family: Verdana, 'Bitstream Vera Sans', Arial, sans-serif; color: rgb(52, 52, 52); line-height: 19px; background-color: rgb(241, 246, 228); \" \/><br \/>\n<br style=\"padding-top: 0px; padding-right: 0px; padding-bottom: 0px; padding-left: 0px; margin-top: 0px; margin-right: 0px; margin-bottom: 0px; margin-left: 0px; font-family: Verdana, 'Bitstream Vera Sans', Arial, sans-serif; color: rgb(52, 52, 52); line-height: 19px; background-color: rgb(241, 246, 228); \" \/><br \/>\n<span style=\"color: rgb(52, 52, 52); font-family: Verdana, 'Bitstream Vera Sans', Arial, sans-serif; line-height: 19px; background-color: rgb(241, 246, 228); \">Todos os professores da escola s&atilde;o ind&iacute;genas, formados em cursos espec&iacute;ficos da Faculdade Ind&iacute;gena Intercultural (FII) da Unemat e pelo projeto Haiy&ocirc;, da Secretaria de Educa&ccedil;&atilde;o de Mato Grosso.&nbsp;<\/span><br style=\"padding-top: 0px; padding-right: 0px; padding-bottom: 0px; padding-left: 0px; margin-top: 0px; margin-right: 0px; margin-bottom: 0px; margin-left: 0px; font-family: Verdana, 'Bitstream Vera Sans', Arial, sans-serif; color: rgb(52, 52, 52); line-height: 19px; background-color: rgb(241, 246, 228); \" \/><br \/>\n<em style=\"padding-top: 0px; padding-right: 0px; padding-bottom: 0px; padding-left: 0px; margin-top: 0px; margin-right: 0px; margin-bottom: 0px; margin-left: 0px; font-family: Verdana, 'Bitstream Vera Sans', Arial, sans-serif; color: rgb(52, 52, 52); line-height: 19px; background-color: rgb(241, 246, 228); \"><br style=\"padding-top: 0px; padding-right: 0px; padding-bottom: 0px; padding-left: 0px; margin-top: 0px; margin-right: 0px; margin-bottom: 0px; margin-left: 0px; \" \/><br \/>\nF&aacute;tima Schenini<\/em><br style=\"padding-top: 0px; padding-right: 0px; padding-bottom: 0px; padding-left: 0px; margin-top: 0px; margin-right: 0px; margin-bottom: 0px; margin-left: 0px; font-family: Verdana, 'Bitstream Vera Sans', Arial, sans-serif; color: rgb(52, 52, 52); line-height: 19px; background-color: rgb(241, 246, 228); \" \/><br \/>\nMinist&eacute;rio da Educa&ccedil;&atilde;o<\/p>\n","protected":false},"excerpt":{"rendered":"<p>Estudantes e professores da Escola Ind\u00edgena Central Ikpeng, na comunidade Moygu, em Feliz Natal, a 500 quil\u00f4metros de Cuiab\u00e1, est\u00e3o envolvidos no projeto de documenta\u00e7\u00e3o da l\u00edngua icpengue, desenvolvido pelo Museu do \u00cdndio da Funda\u00e7\u00e3o Nacional do \u00cdndio (Funai). O trabalho faz parte do Projeto de Documenta\u00e7\u00e3o de L\u00ednguas Ind\u00edgenas Brasileiras (Prodoclin), que integra o Programa de Documenta\u00e7\u00e3o de L\u00ednguas e Culturas Ind\u00edgenas Brasileiras (Progdoc) do Museu do \u00cdndio, em parceria com a Organiza\u00e7\u00e3o das Na\u00e7\u00f5es Unidas para Educa\u00e7\u00e3o, Ci\u00eancia e Cultura (Unesco).<\/p>\n","protected":false},"author":1,"featured_media":26263,"comment_status":"open","ping_status":"open","sticky":false,"template":"","format":"standard","meta":{"footnotes":""},"categories":[1],"tags":[5848],"class_list":["post-26264","post","type-post","status-publish","format-standard","has-post-thumbnail","hentry","category-noticias-zeca-dirceu","tag-escola-participa-de-projeto-em-mt-para-documentar-lingua"],"_links":{"self":[{"href":"https:\/\/teste.bsb.br\/zeca\/wp-json\/wp\/v2\/posts\/26264","targetHints":{"allow":["GET"]}}],"collection":[{"href":"https:\/\/teste.bsb.br\/zeca\/wp-json\/wp\/v2\/posts"}],"about":[{"href":"https:\/\/teste.bsb.br\/zeca\/wp-json\/wp\/v2\/types\/post"}],"author":[{"embeddable":true,"href":"https:\/\/teste.bsb.br\/zeca\/wp-json\/wp\/v2\/users\/1"}],"replies":[{"embeddable":true,"href":"https:\/\/teste.bsb.br\/zeca\/wp-json\/wp\/v2\/comments?post=26264"}],"version-history":[{"count":0,"href":"https:\/\/teste.bsb.br\/zeca\/wp-json\/wp\/v2\/posts\/26264\/revisions"}],"wp:featuredmedia":[{"embeddable":true,"href":"https:\/\/teste.bsb.br\/zeca\/wp-json\/wp\/v2\/media\/26263"}],"wp:attachment":[{"href":"https:\/\/teste.bsb.br\/zeca\/wp-json\/wp\/v2\/media?parent=26264"}],"wp:term":[{"taxonomy":"category","embeddable":true,"href":"https:\/\/teste.bsb.br\/zeca\/wp-json\/wp\/v2\/categories?post=26264"},{"taxonomy":"post_tag","embeddable":true,"href":"https:\/\/teste.bsb.br\/zeca\/wp-json\/wp\/v2\/tags?post=26264"}],"curies":[{"name":"wp","href":"https:\/\/api.w.org\/{rel}","templated":true}]}}