{"id":26262,"date":"2012-01-09T00:00:00","date_gmt":"2012-01-09T02:00:00","guid":{"rendered":"https:\/\/www.zecadirceu.com.br\/estiagem-provoca-quebra-de-115-e-prejuizo-de-r-15-bi-no-pr\/"},"modified":"2012-01-09T00:00:00","modified_gmt":"2012-01-09T02:00:00","slug":"estiagem-provoca-quebra-de-115-e-prejuizo-de-r-15-bi-no-pr","status":"publish","type":"post","link":"https:\/\/teste.bsb.br\/zeca\/estiagem-provoca-quebra-de-115-e-prejuizo-de-r-15-bi-no-pr\/","title":{"rendered":"Estiagem provoca quebra de 11,5% e preju\u00edzo de R$ 1,5 bi no PR"},"content":{"rendered":"<p>&nbsp;<span style=\"color: rgb(51, 51, 51); font-family: Arial, Helvetica, sans-serif; line-height: 1.5em; text-align: left; \">A Secretaria da Agricultura e do Abastecimento do Paran&aacute;, atrav&eacute;s do seu Departamento de Economia Rural (Deral), divulgou o primeiro levantamento de perdas da safra de ver&atilde;o 2011\/12. Durante os meses de novembro e dezembro, o regime de chuvas no Estado ficou abaixo da normalidade, prejudicando o desempenho das principais culturas.<br \/>\n<\/span><\/p>\n<p style=\"margin-top: 0px; margin-right: 0px; margin-bottom: 0px; margin-left: 0px; padding-top: 0px; padding-right: 0px; padding-bottom: 1em; padding-left: 0px; font-family: Arial, Helvetica, sans-serif; color: rgb(51, 51, 51); text-align: left; line-height: 1.5em; \">\nEstima-se at&eacute; agora uma redu&ccedil;&atilde;o de 2,55 milh&otilde;es de toneladas de soja, milho e feij&atilde;o que, aos pre&ccedil;os de hoje, significa um preju&iacute;zo financeiro de R$ 1,52 bilh&atilde;o. A quebra da produ&ccedil;&atilde;o representa 11,5% da safra paranaense de gr&atilde;os de ver&atilde;o, que era estimada em 22,13 milh&otilde;es de toneladas.<\/p>\n<p style=\"margin-top: 0px; margin-right: 0px; margin-bottom: 0px; margin-left: 0px; padding-top: 0px; padding-right: 0px; padding-bottom: 1em; padding-left: 0px; font-family: Arial, Helvetica, sans-serif; color: rgb(51, 51, 51); text-align: left; line-height: 1.5em; \">As condi&ccedil;&otilde;es clim&aacute;ticas adversas comprometeram a safra paranaense. A produ&ccedil;&atilde;o inicialmente estimada em 14,15 milh&otilde;es de toneladas foi reavaliada para 12,73 milh&otilde;es. Estima-se uma quebra em torno de 10%, o que representa, em termos f&iacute;sicos, que cerca de 1,42 milh&atilde;o de toneladas deixar&atilde;o de ser produzidas. Em valores financeiros a perda &eacute; de R$ 1,02 bilh&atilde;o.<\/p>\n<p style=\"margin-top: 0px; margin-right: 0px; margin-bottom: 0px; margin-left: 0px; padding-top: 0px; padding-right: 0px; padding-bottom: 1em; padding-left: 0px; font-family: Arial, Helvetica, sans-serif; color: rgb(51, 51, 51); text-align: left; line-height: 1.5em; \"><strong style=\"font-weight: 600; font-size: 1em !important; \">Milho e Feij&atilde;o<\/strong><\/p>\n<p style=\"margin-top: 0px; margin-right: 0px; margin-bottom: 0px; margin-left: 0px; padding-top: 0px; padding-right: 0px; padding-bottom: 1em; padding-left: 0px; font-family: Arial, Helvetica, sans-serif; color: rgb(51, 51, 51); text-align: left; line-height: 1.5em; \">A &aacute;rea plantada com milho 1&ordf; safra, no Paran&aacute;, &eacute; de 938.335 hectares, 21% maior que a cultivada no ano anterior. A expectativa era que a produ&ccedil;&atilde;o atingisse 7,4 milh&otilde;es de toneladas, 21% acima do volume obtido na safra passada (6,1 milh&otilde;es de toneladas).&nbsp;<\/p>\n<p style=\"margin-top: 0px; margin-right: 0px; margin-bottom: 0px; margin-left: 0px; padding-top: 0px; padding-right: 0px; padding-bottom: 1em; padding-left: 0px; font-family: Arial, Helvetica, sans-serif; color: rgb(51, 51, 51); text-align: left; line-height: 1.5em; \">No entanto, a estiagem que vem ocorrendo desde fim de novembro afetou a produtividade inicialmente estimada. De acordo com levantamento feito pelos t&eacute;cnicos do Deral, a produ&ccedil;&atilde;o atual est&aacute; prevista em 6,4 milh&otilde;es de toneladas, o que representa uma redu&ccedil;&atilde;o de 14%, ou seja, uma quebra de 1,05 milh&atilde;o de toneladas. Em valores financeiros estima-se um preju&iacute;zo de R$ 379,7 milh&otilde;es.<\/p>\n<p style=\"margin-top: 0px; margin-right: 0px; margin-bottom: 0px; margin-left: 0px; padding-top: 0px; padding-right: 0px; padding-bottom: 1em; padding-left: 0px; font-family: Arial, Helvetica, sans-serif; color: rgb(51, 51, 51); text-align: left; line-height: 1.5em; \">Estima-se que 33% da &aacute;rea total destinada &agrave; cultura do feij&atilde;o 1&ordf; safra (250.653 ha) foi colhida. A produ&ccedil;&atilde;o inicialmente esperada era de 430.637 toneladas, por&eacute;m, a ocorr&ecirc;ncia de temperaturas abaixo da m&eacute;dia para o per&iacute;odo e a estiagem comprometeram o potencial produtivo. Calcula-se uma quebra de 19% na produ&ccedil;&atilde;o de feij&atilde;o, cerca de 83 mil toneladas, o que representa um preju&iacute;zo de R$ 117,4 milh&otilde;es. A produ&ccedil;&atilde;o atual est&aacute; estimada em 348 mil toneladas.&nbsp;<\/p>\n<p style=\"margin-top: 0px; margin-right: 0px; margin-bottom: 0px; margin-left: 0px; padding-top: 0px; padding-right: 0px; padding-bottom: 1em; padding-left: 0px; font-family: Arial, Helvetica, sans-serif; color: rgb(51, 51, 51); text-align: left; line-height: 1.5em; \"><strong style=\"font-weight: 600; font-size: 1em !important; \">Fora do normal<\/strong><\/p>\n<p style=\"margin-top: 0px; margin-right: 0px; margin-bottom: 0px; margin-left: 0px; padding-top: 0px; padding-right: 0px; padding-bottom: 1em; padding-left: 0px; font-family: Arial, Helvetica, sans-serif; color: rgb(51, 51, 51); text-align: left; line-height: 1.5em; \">Durante o m&ecirc;s de dezembro, o regime de chuvas ficou abaixo da normalidade, comprometendo o desempenho da safra. Segundo o Simepar, nas esta&ccedil;&otilde;es meteorol&oacute;gicas de Toledo, Campo Mour&atilde;o, Maring&aacute;, Londrina e Francisco Beltr&atilde;o choveu abaixo de 1\/3 da m&eacute;dia normal para o m&ecirc;s.<\/p>\n<p style=\"margin-top: 0px; margin-right: 0px; margin-bottom: 0px; margin-left: 0px; padding-top: 0px; padding-right: 0px; padding-bottom: 1em; padding-left: 0px; font-family: Arial, Helvetica, sans-serif; color: rgb(51, 51, 51); text-align: left; line-height: 1.5em; \">As chuvas ocorridas na &uacute;ltima semana de 2011 amenizaram em parte a situa&ccedil;&atilde;o de estiagem no Paran&aacute;. Em algumas localidades, como Assis Chateaubriand (N&uacute;cleo Regional de Toledo), houve registro de 116 mm no per&iacute;odo. Por&eacute;m, em Palotina, localizada no mesmo N&uacute;cleo, choveu apenas 9 mm.&nbsp;<\/p>\n<p style=\"margin-top: 0px; margin-right: 0px; margin-bottom: 0px; margin-left: 0px; padding-top: 0px; padding-right: 0px; padding-bottom: 1em; padding-left: 0px; font-family: Arial, Helvetica, sans-serif; color: rgb(51, 51, 51); text-align: left; line-height: 1.5em; \">De acordo com o diretor do Deral, Otmar Hubner, de maneira geral as condi&ccedil;&otilde;es das lavouras est&atilde;o heterog&ecirc;neas. H&aacute; registros de &aacute;reas em condi&ccedil;&otilde;es ruins com perdas significativas e irrevers&iacute;veis e ao mesmo tempo lavouras que apresentam um bom desempenho.<\/p>\n<p style=\"margin-top: 0px; margin-right: 0px; margin-bottom: 0px; margin-left: 0px; padding-top: 0px; padding-right: 0px; padding-bottom: 1em; padding-left: 0px; font-family: Arial, Helvetica, sans-serif; color: rgb(51, 51, 51); text-align: left; line-height: 1.5em; \">&nbsp;<\/p>\n<p><span class=\"fonte\" style=\"background-image: initial; background-attachment: initial; background-origin: initial; background-clip: initial; background-color: rgb(234, 238, 214); color: rgb(51, 51, 51); padding-top: 0.7em; padding-right: 0.7em; padding-bottom: 0.7em; padding-left: 0.7em; display: block; font-family: Arial, Helvetica, sans-serif; text-align: left; \">Fonte: Jornal O Presente<\/span><\/p>\n","protected":false},"excerpt":{"rendered":"<p>A Secretaria da Agricultura e do Abastecimento do Paran\u00e1, atrav\u00e9s do seu Departamento de Economia Rural (Deral), divulgou o primeiro levantamento de perdas da safra de ver\u00e3o 2011\/12. Durante os meses de novembro e dezembro, o regime de chuvas no Estado ficou abaixo da normalidade, prejudicando o desempenho das principais culturas.<\/p>\n","protected":false},"author":1,"featured_media":26261,"comment_status":"open","ping_status":"open","sticky":false,"template":"","format":"standard","meta":{"footnotes":""},"categories":[1],"tags":[5847,5846,5845],"class_list":["post-26262","post","type-post","status-publish","format-standard","has-post-thumbnail","hentry","category-noticias-zeca-dirceu","tag-5-bi-no-pr","tag-5-e-prejuizo-de-r-1","tag-estiagem-provoca-quebra-de-11"],"_links":{"self":[{"href":"https:\/\/teste.bsb.br\/zeca\/wp-json\/wp\/v2\/posts\/26262","targetHints":{"allow":["GET"]}}],"collection":[{"href":"https:\/\/teste.bsb.br\/zeca\/wp-json\/wp\/v2\/posts"}],"about":[{"href":"https:\/\/teste.bsb.br\/zeca\/wp-json\/wp\/v2\/types\/post"}],"author":[{"embeddable":true,"href":"https:\/\/teste.bsb.br\/zeca\/wp-json\/wp\/v2\/users\/1"}],"replies":[{"embeddable":true,"href":"https:\/\/teste.bsb.br\/zeca\/wp-json\/wp\/v2\/comments?post=26262"}],"version-history":[{"count":0,"href":"https:\/\/teste.bsb.br\/zeca\/wp-json\/wp\/v2\/posts\/26262\/revisions"}],"wp:featuredmedia":[{"embeddable":true,"href":"https:\/\/teste.bsb.br\/zeca\/wp-json\/wp\/v2\/media\/26261"}],"wp:attachment":[{"href":"https:\/\/teste.bsb.br\/zeca\/wp-json\/wp\/v2\/media?parent=26262"}],"wp:term":[{"taxonomy":"category","embeddable":true,"href":"https:\/\/teste.bsb.br\/zeca\/wp-json\/wp\/v2\/categories?post=26262"},{"taxonomy":"post_tag","embeddable":true,"href":"https:\/\/teste.bsb.br\/zeca\/wp-json\/wp\/v2\/tags?post=26262"}],"curies":[{"name":"wp","href":"https:\/\/api.w.org\/{rel}","templated":true}]}}