{"id":26258,"date":"2012-01-09T00:00:00","date_gmt":"2012-01-09T02:00:00","guid":{"rendered":"https:\/\/www.zecadirceu.com.br\/governo-dilma-ira-investir-r-98-milhoes-no-aeroporto-de-maringa\/"},"modified":"2012-01-09T00:00:00","modified_gmt":"2012-01-09T02:00:00","slug":"governo-dilma-ira-investir-r-98-milhoes-no-aeroporto-de-maringa","status":"publish","type":"post","link":"https:\/\/teste.bsb.br\/zeca\/governo-dilma-ira-investir-r-98-milhoes-no-aeroporto-de-maringa\/","title":{"rendered":"Governo Dilma ir\u00e1 investir R$ 9,8 milh\u00f5es no aeroporto de Maring\u00e1"},"content":{"rendered":"<p>&nbsp;<span style=\"font-family: Georgia, serif; font-size: 13px; line-height: 20px; \">O governo federal ir&aacute; destinar ao Aeroporto Regional de Maring&aacute; quase R$ 10 milh&otilde;es para serem investidos na amplia&ccedil;&atilde;o e moderniza&ccedil;&atilde;o do terminal. O an&uacute;ncio foi feito nesta quinta-feira, 15, ao deputado estadual Enio Verri (PT) pela ministra-chefe da Casa Civil, Gleisi Hoffmann. Os recursos fazem parte do Programa Federal de Aux&iacute;lio a Aeroportos (PROFAA).<br \/>\n<\/span><\/p>\n<p style=\"margin-top: 0px; margin-right: 0px; margin-bottom: 22px; margin-left: 0px; padding-top: 0px; padding-right: 0px; padding-bottom: 0px; padding-left: 0px; border-top-width: 0px; border-right-width: 0px; border-bottom-width: 0px; border-left-width: 0px; border-style: initial; border-color: initial; border-image: initial; outline-width: 0px; outline-style: initial; outline-color: initial; font-size: 13px; vertical-align: baseline; background-image: initial; background-attachment: initial; background-origin: initial; background-clip: initial; font-family: Georgia, serif; line-height: 20px; \">\nDe acordo com o conv&ecirc;nio, o terminal ir&aacute; receber investimento total de R$ 14,1 milh&otilde;es, sendo R$ 9,8 milh&otilde;es do governo federal e R$ 4,2 milh&otilde;es em contrapartida do governo do Estado. Os recursos provenientes do governo Dilma ser&atilde;o disponibilizados em duas parcelas, a primeira ainda em 2011 e a segunda durante o ano de 2012.<\/p>\n<p style=\"margin-top: 0px; margin-right: 0px; margin-bottom: 22px; margin-left: 0px; padding-top: 0px; padding-right: 0px; padding-bottom: 0px; padding-left: 0px; border-top-width: 0px; border-right-width: 0px; border-bottom-width: 0px; border-left-width: 0px; border-style: initial; border-color: initial; border-image: initial; outline-width: 0px; outline-style: initial; outline-color: initial; font-size: 13px; vertical-align: baseline; background-image: initial; background-attachment: initial; background-origin: initial; background-clip: initial; font-family: Georgia, serif; line-height: 20px; \">Os investimentos ser&atilde;o utilizados na amplia&ccedil;&atilde;o da pista de pouso e decolagem com terraplanagem incluindo RESA e rejuvenescimento da pista existente; extens&atilde;o da pista de t&aacute;xi (rolamento) e uma sa&iacute;da r&aacute;pida; balizamento noturno da pista ampliada al&eacute;m da sinaliza&ccedil;&atilde;o horizontal e vertical da pista de pouso e taxi.<\/p>\n<p style=\"margin-top: 0px; margin-right: 0px; margin-bottom: 22px; margin-left: 0px; padding-top: 0px; padding-right: 0px; padding-bottom: 0px; padding-left: 0px; border-top-width: 0px; border-right-width: 0px; border-bottom-width: 0px; border-left-width: 0px; border-style: initial; border-color: initial; border-image: initial; outline-width: 0px; outline-style: initial; outline-color: initial; font-size: 13px; vertical-align: baseline; background-image: initial; background-attachment: initial; background-origin: initial; background-clip: initial; font-family: Georgia, serif; line-height: 20px; \">Verri disse que o an&uacute;ncio da libera&ccedil;&atilde;o dos recursos foi feito por Gleisi na manh&atilde; de hoje, por telefone. O deputado destacou que manteve nos &uacute;ltimos meses frequentes conversas com a ministra no sentido de ressaltar a import&acirc;ncia do Aeroporto Silvio Name J&uacute;nior ser beneficiado com recursos do PROFAA.<\/p>\n<p style=\"margin-top: 0px; margin-right: 0px; margin-bottom: 22px; margin-left: 0px; padding-top: 0px; padding-right: 0px; padding-bottom: 0px; padding-left: 0px; border-top-width: 0px; border-right-width: 0px; border-bottom-width: 0px; border-left-width: 0px; border-style: initial; border-color: initial; border-image: initial; outline-width: 0px; outline-style: initial; outline-color: initial; font-size: 13px; vertical-align: baseline; background-image: initial; background-attachment: initial; background-origin: initial; background-clip: initial; font-family: Georgia, serif; line-height: 20px; \">&ldquo;O aeroporto de Maring&aacute; n&atilde;o &eacute; importante apenas para a cidade, mas toda a regi&atilde;o noroeste. Estes recursos, que ir&atilde;o possibilitar uma ampla reforma e moderniza&ccedil;&atilde;o do terminal, mostram que o governo da presidenta Dilma tem prestado aten&ccedil;&atilde;o nas nossas reivindica&ccedil;&otilde;es e reafirma a import&acirc;ncia da cidade como um polo de desenvolvimento regional&rdquo;, afirmou Verri.<\/p>\n<p style=\"margin-top: 0px; margin-right: 0px; margin-bottom: 22px; margin-left: 0px; padding-top: 0px; padding-right: 0px; padding-bottom: 0px; padding-left: 0px; border-top-width: 0px; border-right-width: 0px; border-bottom-width: 0px; border-left-width: 0px; border-style: initial; border-color: initial; border-image: initial; outline-width: 0px; outline-style: initial; outline-color: initial; font-size: 13px; vertical-align: baseline; background-image: initial; background-attachment: initial; background-origin: initial; background-clip: initial; font-family: Georgia, serif; line-height: 20px; \">No Paran&aacute;, o PROFAA, que &eacute; gerido pela Secretaria de Avia&ccedil;&atilde;o Civil, tamb&eacute;m vai beneficiar o Aeroporto Coronel Adalberto Mendes da Silva, de Cascavel. O aeroporto vai receber investimentos de R$ 5 milh&otilde;es do governo federal e R$ 2,1 mi do governo do Estado para a constru&ccedil;&atilde;o de um novo terminal de passageiros.<\/p>\n<p>Assessoria Deputao Estadual Enio Verri<\/p>\n","protected":false},"excerpt":{"rendered":"<p>O governo federal ir\u00e1 destinar ao Aeroporto Regional de Maring\u00e1 quase R$ 10 milh\u00f5es para serem investidos na amplia\u00e7\u00e3o e moderniza\u00e7\u00e3o do terminal. O an\u00fancio foi feito nesta quinta-feira, 15, ao deputado estadual Enio Verri (PT) pela ministra-chefe da Casa Civil, Gleisi Hoffmann. Os recursos fazem parte do Programa Federal de Aux\u00edlio a Aeroportos (PROFAA).<\/p>\n","protected":false},"author":1,"featured_media":26257,"comment_status":"open","ping_status":"open","sticky":false,"template":"","format":"standard","meta":{"footnotes":""},"categories":[1],"tags":[5843,5842],"class_list":["post-26258","post","type-post","status-publish","format-standard","has-post-thumbnail","hentry","category-noticias-zeca-dirceu","tag-8-milhoes-no-aeroporto-de-maringa","tag-governo-dilma-ira-investir-r-9"],"_links":{"self":[{"href":"https:\/\/teste.bsb.br\/zeca\/wp-json\/wp\/v2\/posts\/26258","targetHints":{"allow":["GET"]}}],"collection":[{"href":"https:\/\/teste.bsb.br\/zeca\/wp-json\/wp\/v2\/posts"}],"about":[{"href":"https:\/\/teste.bsb.br\/zeca\/wp-json\/wp\/v2\/types\/post"}],"author":[{"embeddable":true,"href":"https:\/\/teste.bsb.br\/zeca\/wp-json\/wp\/v2\/users\/1"}],"replies":[{"embeddable":true,"href":"https:\/\/teste.bsb.br\/zeca\/wp-json\/wp\/v2\/comments?post=26258"}],"version-history":[{"count":0,"href":"https:\/\/teste.bsb.br\/zeca\/wp-json\/wp\/v2\/posts\/26258\/revisions"}],"wp:featuredmedia":[{"embeddable":true,"href":"https:\/\/teste.bsb.br\/zeca\/wp-json\/wp\/v2\/media\/26257"}],"wp:attachment":[{"href":"https:\/\/teste.bsb.br\/zeca\/wp-json\/wp\/v2\/media?parent=26258"}],"wp:term":[{"taxonomy":"category","embeddable":true,"href":"https:\/\/teste.bsb.br\/zeca\/wp-json\/wp\/v2\/categories?post=26258"},{"taxonomy":"post_tag","embeddable":true,"href":"https:\/\/teste.bsb.br\/zeca\/wp-json\/wp\/v2\/tags?post=26258"}],"curies":[{"name":"wp","href":"https:\/\/api.w.org\/{rel}","templated":true}]}}