{"id":26250,"date":"2012-01-10T00:00:00","date_gmt":"2012-01-10T02:00:00","guid":{"rendered":"https:\/\/www.zecadirceu.com.br\/com-1-milhao-de-candidatos-sisu-supera-marca-de-2011\/"},"modified":"2012-01-10T00:00:00","modified_gmt":"2012-01-10T02:00:00","slug":"com-1-milhao-de-candidatos-sisu-supera-marca-de-2011","status":"publish","type":"post","link":"https:\/\/teste.bsb.br\/zeca\/com-1-milhao-de-candidatos-sisu-supera-marca-de-2011\/","title":{"rendered":"Com 1 milh\u00e3o de candidatos, Sisu supera marca de 2011"},"content":{"rendered":"<p>&nbsp;<span style=\"color: rgb(40, 49, 48); line-height: 17px; \">Mais de um milh&atilde;o de estudantes j&aacute; se inscreveram no Sistema de Sele&ccedil;&atilde;o Unificada (Sisu) deste ano. O<\/span><span style=\"color: rgb(40, 49, 48); line-height: 17px; \">&nbsp;<\/span><a class=\"external-link first-child last-child\" href=\"http:\/\/www.mec.gov.br\/\" target=\"_blank\" style=\"line-height: 17px; margin-top: 0px; margin-right: 0px; margin-bottom: 0px; margin-left: 0px; padding-top: 0px; padding-right: 12px; padding-bottom: 0px; padding-left: 0px; border-top-width: 0px; border-right-width: 0px; border-bottom-width: 0px; border-left-width: 0px; border-style: initial; border-color: initial; border-image: initial; outline-width: 0px; outline-style: initial; outline-color: initial; vertical-align: baseline; background-image: url(http:\/\/www.secom.gov.br\/portal_css\/Secom\/bg\/linkExterno.gif); background-attachment: initial; background-origin: initial; background-clip: initial; background-color: initial; color: rgb(23, 67, 155); background-position: 100% 50%; background-repeat: no-repeat no-repeat; \">Minist&eacute;rio da Educa&ccedil;&atilde;o<\/a><span style=\"color: rgb(40, 49, 48); line-height: 17px; \">&nbsp;<\/span><span style=\"color: rgb(40, 49, 48); line-height: 17px; \">contabilizou nesta segunda-feira (09), at&eacute; o meio-dia, as inscri&ccedil;&otilde;es de 1.091.890 candidatos a vagas em institui&ccedil;&otilde;es p&uacute;blicas de educa&ccedil;&atilde;o superior. Em apenas, 3 dias o n&uacute;mero de concorrentes j&aacute; &eacute; maior que o total do Sisu 2011, que registrou 1.080.194 pessoas inscritas. <\/p>\n<p>O n&uacute;mero de inscri&ccedil;&otilde;es &eacute; equivalente ao dobro do n&uacute;mero de pessoas concorrendo, pois cada estudante tem direito a fazer pelo menos duas op&ccedil;&otilde;es de curso. O total de inscri&ccedil;&otilde;es, desde a abertura, chegou a 2.108.408. Os candidatos concorrem a 108.552 vagas em 3.327 cursos de 95 institui&ccedil;&otilde;es p&uacute;blicas de educa&ccedil;&atilde;o superior. O prazo para completar o processo e concorrer termina &agrave;s 23h59 do dia 12 pr&oacute;ximo. O resultado da primeira chamada ser&aacute; divulgado no pr&oacute;ximo dia 15 e a matr&iacute;cula deve ser feita entre os dias 19 e 20.<br \/>\n<\/span><\/p>\n<p style=\"margin-top: 0px; margin-right: 0px; margin-bottom: 0px; margin-left: 0px; padding-top: 0px; padding-right: 0px; padding-bottom: 18px; padding-left: 0px; border-top-width: 0px; border-right-width: 0px; border-bottom-width: 0px; border-left-width: 0px; border-style: initial; border-color: initial; border-image: initial; outline-width: 0px; outline-style: initial; outline-color: initial; vertical-align: baseline; background-image: initial; background-attachment: initial; background-origin: initial; background-clip: initial; font: normal normal normal 1.3em\/normal Arial, Helvetica, sans-serif; color: rgb(40, 49, 48); line-height: 17px; \">\nInscri&ccedil;&atilde;o e cronograma completo na p&aacute;gina do&nbsp;<a class=\"external-link first-child last-child\" href=\"http:\/\/sisu.mec.gov.br\/\" target=\"_blank\" style=\"margin-top: 0px; margin-right: 0px; margin-bottom: 0px; margin-left: 0px; padding-top: 0px; padding-right: 12px; padding-bottom: 0px; padding-left: 0px; border-top-width: 0px; border-right-width: 0px; border-bottom-width: 0px; border-left-width: 0px; border-style: initial; border-color: initial; border-image: initial; outline-width: 0px; outline-style: initial; outline-color: initial; vertical-align: baseline; background-image: url(http:\/\/www.secom.gov.br\/portal_css\/Secom\/bg\/linkExterno.gif); background-attachment: initial; background-origin: initial; background-clip: initial; background-color: initial; color: rgb(23, 67, 155); background-position: 100% 50%; background-repeat: no-repeat no-repeat; \">Sisu<\/a>:&nbsp;<\/p>\n<p style=\"margin-top: 0px; margin-right: 0px; margin-bottom: 0px; margin-left: 0px; padding-top: 0px; padding-right: 0px; padding-bottom: 18px; padding-left: 0px; border-top-width: 0px; border-right-width: 0px; border-bottom-width: 0px; border-left-width: 0px; border-style: initial; border-color: initial; border-image: initial; outline-width: 0px; outline-style: initial; outline-color: initial; vertical-align: baseline; background-image: initial; background-attachment: initial; background-origin: initial; background-clip: initial; font: normal normal normal 1.3em\/normal Arial, Helvetica, sans-serif; color: rgb(40, 49, 48); line-height: 17px; \">0800 616161<\/p>\n","protected":false},"excerpt":{"rendered":"<p>Mais de um milh\u00e3o de estudantes j\u00e1 se inscreveram no Sistema de Sele\u00e7\u00e3o Unificada (Sisu) deste ano. O Minist\u00e9rio da Educa\u00e7\u00e3o contabilizou nesta segunda-feira (09), at\u00e9 o meio-dia, as inscri\u00e7\u00f5es de 1.091.890 candidatos a vagas em institui\u00e7\u00f5es p\u00fablicas de educa\u00e7\u00e3o superior. Em apenas, 3 dias o n\u00famero de concorrentes j\u00e1 \u00e9 maior que o total do Sisu 2011, que registrou 1.080.194 pessoas inscritas.<\/p>\n","protected":false},"author":1,"featured_media":26249,"comment_status":"open","ping_status":"open","sticky":false,"template":"","format":"standard","meta":{"footnotes":""},"categories":[1],"tags":[5837,5838],"class_list":["post-26250","post","type-post","status-publish","format-standard","has-post-thumbnail","hentry","category-noticias-zeca-dirceu","tag-com-1-milhoes-de-candidatos","tag-sisu-supera-marca-de-2011"],"_links":{"self":[{"href":"https:\/\/teste.bsb.br\/zeca\/wp-json\/wp\/v2\/posts\/26250","targetHints":{"allow":["GET"]}}],"collection":[{"href":"https:\/\/teste.bsb.br\/zeca\/wp-json\/wp\/v2\/posts"}],"about":[{"href":"https:\/\/teste.bsb.br\/zeca\/wp-json\/wp\/v2\/types\/post"}],"author":[{"embeddable":true,"href":"https:\/\/teste.bsb.br\/zeca\/wp-json\/wp\/v2\/users\/1"}],"replies":[{"embeddable":true,"href":"https:\/\/teste.bsb.br\/zeca\/wp-json\/wp\/v2\/comments?post=26250"}],"version-history":[{"count":0,"href":"https:\/\/teste.bsb.br\/zeca\/wp-json\/wp\/v2\/posts\/26250\/revisions"}],"wp:featuredmedia":[{"embeddable":true,"href":"https:\/\/teste.bsb.br\/zeca\/wp-json\/wp\/v2\/media\/26249"}],"wp:attachment":[{"href":"https:\/\/teste.bsb.br\/zeca\/wp-json\/wp\/v2\/media?parent=26250"}],"wp:term":[{"taxonomy":"category","embeddable":true,"href":"https:\/\/teste.bsb.br\/zeca\/wp-json\/wp\/v2\/categories?post=26250"},{"taxonomy":"post_tag","embeddable":true,"href":"https:\/\/teste.bsb.br\/zeca\/wp-json\/wp\/v2\/tags?post=26250"}],"curies":[{"name":"wp","href":"https:\/\/api.w.org\/{rel}","templated":true}]}}