{"id":26248,"date":"2012-01-10T00:00:00","date_gmt":"2012-01-10T02:00:00","guid":{"rendered":"https:\/\/www.zecadirceu.com.br\/em-2011-r-175-mi-foram-investidos-no-brasil-profissionalizado\/"},"modified":"2012-01-10T00:00:00","modified_gmt":"2012-01-10T02:00:00","slug":"em-2011-r-175-mi-foram-investidos-no-brasil-profissionalizado","status":"publish","type":"post","link":"https:\/\/teste.bsb.br\/zeca\/em-2011-r-175-mi-foram-investidos-no-brasil-profissionalizado\/","title":{"rendered":"Em 2011,  R$ 175 mi foram investidos no  Brasil Profissionalizado"},"content":{"rendered":"<p>&nbsp;Desde 2008, apoio ultrapassou R$ 2 bilh&otilde;es<\/p>\n<p class=\"MsoNormal\"><o:p><\/o:p><\/p>\n<p class=\"MsoNormal\">Institui&ccedil;&otilde;es do ensino t&eacute;cnico e profissionalizante das redes estaduais de todo o Pa&iacute;s receberam em 2011 investimentos de R$ 175,3 milh&otilde;es da Uni&atilde;o &#8211; sendo R$ 162 milh&otilde;es para a instala&ccedil;&atilde;o de laborat&oacute;rios e mais R$ 13,3 milh&otilde;es para mobili&aacute;rio. <o:p><\/o:p><\/p>\n<p class=\"MsoNormal\">Os recursos s&atilde;o do Programa Brasil Profissionalizado , uma iniciativa do Minist&eacute;rio da Educa&ccedil;&atilde;o (MEC) que, entre 2008 e 2011, investiu R$ 2,047 bilh&otilde;es em forma&ccedil;&atilde;o de profissionais e na constru&ccedil;&atilde;o, compra de equipamentos e amplia&ccedil;&atilde;o de escolas t&eacute;cnicas. <o:p><\/o:p><\/p>\n<p class=\"MsoNormal\">Dentro deste programa, 635 laborat&oacute;rios ainda ser&atilde;o entregues neste ano para institui&ccedil;&otilde;es de ensino t&eacute;cnico e profissionalizante das redes estaduais do Acre, Amap&aacute;, Mato Grosso, Paran&aacute; e Santa Catarina. <o:p><\/o:p><\/p>\n<p class=\"MsoNormal\">Parceria &#8211; A descentraliza&ccedil;&atilde;o da instala&ccedil;&atilde;o de laborat&oacute;rios e da compra de mobili&aacute;rio para a rede de ensino t&eacute;cnico estadual, promovida pelo Brasil Profissionalizado, torna o processo mais &aacute;gil, reduz custos e padroniza os equipamentos usados nos cursos. Em lugar de cada estado fazer as compras para instalar os laborat&oacute;rios e equip&aacute;-los, o MEC centraliza estas aquisi&ccedil;&otilde;es e faz a distribui&ccedil;&atilde;o para as institui&ccedil;&otilde;es.<o:p><\/o:p><\/p>\n<p class=\"MsoNormal\">Em 2012, R$ 4,4 milh&otilde;es para formar professores e mil novos laborat&oacute;rios<o:p><\/o:p><\/p>\n<p class=\"MsoNormal\">A partir de 2012, o Brasil Profissionalizado tem R$ 4,4 milh&otilde;es em investimentos previstos para formar professores das redes estaduais. O planejamento das a&ccedil;&otilde;es inclui tamb&eacute;m mais 1.088 laborat&oacute;rios em 17 estados e Distrito Federal, tanto t&eacute;cnicos (para ensino a dist&acirc;ncia, de eletroeletr&ocirc;nica, topografia, an&aacute;lise qu&iacute;mica e ensaios mec&acirc;nicos e metalogr&aacute;ficos) e como cient&iacute;ficos (matem&aacute;tica, f&iacute;sica, qu&iacute;mica, biologia).<o:p><\/o:p><\/p>\n<p class=\"MsoNormal\">Para a forma&ccedil;&atilde;o de 300 professores, est&atilde;o abertos os cursos de especializa&ccedil;&atilde;o em gest&atilde;o educacional profissional e de agroecologia, no Instituto Federal de Educa&ccedil;&atilde;o, Ci&ecirc;ncia e Tecnologia do Paran&aacute; , e de mestrado em educa&ccedil;&atilde;o, na Universidade Federal de Juiz de Fora . &ldquo;Em vez de os estados se responsabilizarem pela capacita&ccedil;&atilde;o, o Minist&eacute;rio da Educa&ccedil;&atilde;o assume os cursos de forma&ccedil;&atilde;o de professores&rdquo;, explica o coordenador-geral de fortalecimento das redes de educa&ccedil;&atilde;o profissional e tecnol&oacute;gica do MEC, Marcelo Pedra.<o:p><\/o:p><\/p>\n<p class=\"MsoNormal\">&nbsp;<o:p><\/o:p><\/p>\n<p class=\"MsoNormal\">Como participar do programa?<o:p><\/o:p><\/p>\n<p class=\"MsoNormal\">1&ordm; passo: Os gestores estaduais devem assinar o Compromisso Todos pela Educa&ccedil;&atilde;o &#8211; Decreto n&deg; 6094\/97<o:p><\/o:p><\/p>\n<p class=\"MsoNormal\">2&ordm; passo: O secret&aacute;rio estadual de educa&ccedil;&atilde;o (ou de secretaria afim) formaliza, junto ao MEC, a inten&ccedil;&atilde;o de participar do programa<o:p><\/o:p><\/p>\n<p class=\"MsoNormal\">3&ordm; passo: A secretaria estadual solicita ao MEC a presen&ccedil;a de um t&eacute;cnico para orientar na realiza&ccedil;&atilde;o do diagn&oacute;stico e elabora&ccedil;&atilde;o do plano<o:p><\/o:p><\/p>\n<p class=\"MsoNormal\">4&ordm; passo: O plano &eacute; enviado para an&aacute;lise da Secretaria de Educa&ccedil;&atilde;o Profissional e Tecnol&oacute;gica (Setec)<o:p><\/o:p><\/p>\n<p class=\"MsoNormal\">5&ordm; passo: A partir da an&aacute;lise pela Setec, as a&ccedil;&otilde;es aprovadas s&atilde;o encaminhadas para celebra&ccedil;&atilde;o de conv&ecirc;nio junto ao FNDE ou para atendimento via assist&ecirc;ncia t&eacute;cnica<o:p><\/o:p><\/p>\n<p class=\"MsoNormal\">Secom<\/p>\n","protected":false},"excerpt":{"rendered":"<p>Institui\u00e7\u00f5es do ensino t\u00e9cnico e profissionalizante das redes estaduais de todo o Pa\u00eds receberam em 2011 investimentos de R$ 175,3 milh\u00f5es da Uni\u00e3o &#8211; sendo R$ 162 milh\u00f5es para a instala\u00e7\u00e3o de laborat\u00f3rios e mais R$ 13,3 milh\u00f5es para mobili\u00e1rio.<\/p>\n","protected":false},"author":1,"featured_media":26247,"comment_status":"open","ping_status":"open","sticky":false,"template":"","format":"standard","meta":{"footnotes":""},"categories":[1],"tags":[5835,5836],"class_list":["post-26248","post","type-post","status-publish","format-standard","has-post-thumbnail","hentry","category-noticias-zeca-dirceu","tag-em-2011","tag-estados-receberam-r-175-mi-do-programa-brasil-profissionalizado-para-qualificar"],"_links":{"self":[{"href":"https:\/\/teste.bsb.br\/zeca\/wp-json\/wp\/v2\/posts\/26248","targetHints":{"allow":["GET"]}}],"collection":[{"href":"https:\/\/teste.bsb.br\/zeca\/wp-json\/wp\/v2\/posts"}],"about":[{"href":"https:\/\/teste.bsb.br\/zeca\/wp-json\/wp\/v2\/types\/post"}],"author":[{"embeddable":true,"href":"https:\/\/teste.bsb.br\/zeca\/wp-json\/wp\/v2\/users\/1"}],"replies":[{"embeddable":true,"href":"https:\/\/teste.bsb.br\/zeca\/wp-json\/wp\/v2\/comments?post=26248"}],"version-history":[{"count":0,"href":"https:\/\/teste.bsb.br\/zeca\/wp-json\/wp\/v2\/posts\/26248\/revisions"}],"wp:featuredmedia":[{"embeddable":true,"href":"https:\/\/teste.bsb.br\/zeca\/wp-json\/wp\/v2\/media\/26247"}],"wp:attachment":[{"href":"https:\/\/teste.bsb.br\/zeca\/wp-json\/wp\/v2\/media?parent=26248"}],"wp:term":[{"taxonomy":"category","embeddable":true,"href":"https:\/\/teste.bsb.br\/zeca\/wp-json\/wp\/v2\/categories?post=26248"},{"taxonomy":"post_tag","embeddable":true,"href":"https:\/\/teste.bsb.br\/zeca\/wp-json\/wp\/v2\/tags?post=26248"}],"curies":[{"name":"wp","href":"https:\/\/api.w.org\/{rel}","templated":true}]}}