{"id":26242,"date":"2012-01-11T00:00:00","date_gmt":"2012-01-11T02:00:00","guid":{"rendered":"https:\/\/www.zecadirceu.com.br\/zeca-fala-sobre-as-primeiras-conquistas-da-saude-de-umuarama-em-2012\/"},"modified":"2012-01-11T00:00:00","modified_gmt":"2012-01-11T02:00:00","slug":"zeca-fala-sobre-as-primeiras-conquistas-da-saude-de-umuarama-em-2012","status":"publish","type":"post","link":"https:\/\/teste.bsb.br\/zeca\/zeca-fala-sobre-as-primeiras-conquistas-da-saude-de-umuarama-em-2012\/","title":{"rendered":"Zeca fala sobre as primeiras conquistas da Sa\u00fade de Umuarama, em 2012"},"content":{"rendered":"<p>Nesta ter&ccedil;a-feira,10, o deputado federal Zeca Dirceu esteve em Umuarama, onde participou, ao vivo, de entrevistas nas Tvs UP e Caiu&aacute;.&nbsp; Zeca destacou as conquistas para a Sa&uacute;de da cidade e regi&atilde;o; como o pagamaento da primeira parcela para as reformas das Unidades B&aacute;sicas de Sa&uacute;de e sobre o empenho da primeira parcela dos R$ 5 milh&otilde;es direcionados &agrave; compra de equipamentos do Hospital da Uopeccan de Umuarama. Confiram a reportagem na &iacute;ntegra no &iacute;cone ao lado.<\/p>\n","protected":false},"excerpt":{"rendered":"<p>Nesta ter\u00e7a-feira,10, o deputado federal Zeca Dirceu esteve em Umuarama, onde participou, ao vivo, de entrevistas nas Tvs UP e Caiu\u00e1.  Zeca destacou as conquistas para a Sa\u00fade da cidade e regi\u00e3o; como o pagamaento da primeira parcela para as reformas das Unidades B\u00e1sicas de Sa\u00fade e sobre o empenho da primeira parcela dos R$ 5 milh\u00f5es direcionados \u00e0 compra de equipamentos do Hospital da Uopeccan de Umuarama. Confiram a reportagem na \u00edntegra no \u00edcone ao lado.<\/p>\n","protected":false},"author":1,"featured_media":26241,"comment_status":"open","ping_status":"open","sticky":false,"template":"","format":"standard","meta":{"footnotes":""},"categories":[1],"tags":[5831,5830],"class_list":["post-26242","post","type-post","status-publish","format-standard","has-post-thumbnail","hentry","category-noticias-zeca-dirceu","tag-em-2012","tag-zeca-fala-sobre-as-primeiras-conquistas-da-saude-de-umuarama"],"_links":{"self":[{"href":"https:\/\/teste.bsb.br\/zeca\/wp-json\/wp\/v2\/posts\/26242","targetHints":{"allow":["GET"]}}],"collection":[{"href":"https:\/\/teste.bsb.br\/zeca\/wp-json\/wp\/v2\/posts"}],"about":[{"href":"https:\/\/teste.bsb.br\/zeca\/wp-json\/wp\/v2\/types\/post"}],"author":[{"embeddable":true,"href":"https:\/\/teste.bsb.br\/zeca\/wp-json\/wp\/v2\/users\/1"}],"replies":[{"embeddable":true,"href":"https:\/\/teste.bsb.br\/zeca\/wp-json\/wp\/v2\/comments?post=26242"}],"version-history":[{"count":0,"href":"https:\/\/teste.bsb.br\/zeca\/wp-json\/wp\/v2\/posts\/26242\/revisions"}],"wp:featuredmedia":[{"embeddable":true,"href":"https:\/\/teste.bsb.br\/zeca\/wp-json\/wp\/v2\/media\/26241"}],"wp:attachment":[{"href":"https:\/\/teste.bsb.br\/zeca\/wp-json\/wp\/v2\/media?parent=26242"}],"wp:term":[{"taxonomy":"category","embeddable":true,"href":"https:\/\/teste.bsb.br\/zeca\/wp-json\/wp\/v2\/categories?post=26242"},{"taxonomy":"post_tag","embeddable":true,"href":"https:\/\/teste.bsb.br\/zeca\/wp-json\/wp\/v2\/tags?post=26242"}],"curies":[{"name":"wp","href":"https:\/\/api.w.org\/{rel}","templated":true}]}}