{"id":26232,"date":"2012-01-11T00:00:00","date_gmt":"2012-01-11T02:00:00","guid":{"rendered":"https:\/\/www.zecadirceu.com.br\/estao-abertas-as-inscricoes-para-festival-internacional-de-cinema-de-curitiba\/"},"modified":"2012-01-11T00:00:00","modified_gmt":"2012-01-11T02:00:00","slug":"estao-abertas-as-inscricoes-para-festival-internacional-de-cinema-de-curitiba","status":"publish","type":"post","link":"https:\/\/teste.bsb.br\/zeca\/estao-abertas-as-inscricoes-para-festival-internacional-de-cinema-de-curitiba\/","title":{"rendered":"Est\u00e3o abertas as inscri\u00e7\u00f5es para Festival Internacional de Cinema de Curitiba"},"content":{"rendered":"<div>At&eacute; o dia 20 de mar&ccedil;o, est&atilde;o abertas as inscri&ccedil;&otilde;es para a primeira edi&ccedil;&atilde;o do Olhar de Cinema &ndash; Festival Internacional de Curitiba. O festival, tem apoio do Minist&eacute;rio da Cultura, ser&aacute; realizado durante entre os dias 29 de maio a 4 de junho, e vai selecionar filmes independentes. O festival ter&aacute; ainda debates, semin&aacute;rios, oficinas, reflex&otilde;es e interc&acirc;mbio.<\/div>\n<div>&nbsp;<\/div>\n<div>Podem participar document&aacute;rios, fic&ccedil;&otilde;es, filmes experimentais e anima&ccedil;&otilde;es. As produ&ccedil;&otilde;es n&atilde;o precisam, necessariamente, ser in&eacute;ditas, mas devem ter sido conclu&iacute;das a partir de janeiro de 2011 e precisam estar finalizadas em 35mm, BluRay ou HD, de acordo com o regulamento do festival. As inscri&ccedil;&otilde;es t&ecirc;m de ser feitas pelos realizadores, produtores ou representantes legais de cada filme, diretamente no site do festival, atentando-se para o que diz o regulamento. Mais informa&ccedil;&otilde;es no www.olhardecinema.com.br<\/div>\n<div>&nbsp;<\/div>\n<div>Na programa&ccedil;&atilde;o est&atilde;o inclu&iacute;das mostras competitivas e n&atilde;o competitivas, que se dividem de acordo com as categorias de longas-metragens (acima de 50 minutos) e curtas-metragens (at&eacute; 25 minutos). As produ&ccedil;&otilde;es vencedoras receber&atilde;o pr&ecirc;mios financeiros, Pr&ecirc;mio Especial do J&uacute;ri e Pr&ecirc;mio de Contribui&ccedil;&atilde;o Art&iacute;stica.<\/div>\n<div>&nbsp;<\/div>\n<div>www.bocamaldita.com.br<\/div>\n","protected":false},"excerpt":{"rendered":"<p>At\u00e9 o dia 20 de mar\u00e7o, est\u00e3o abertas as inscri\u00e7\u00f5es para a primeira edi\u00e7\u00e3o do Olhar de Cinema \u2013 Festival Internacional de Curitiba. O festival, tem apoio do Minist\u00e9rio da Cultura, ser\u00e1 realizado durante entre os dias 29 de maio a 4 de junho, e vai selecionar filmes independentes. O festival ter\u00e1 ainda debates, semin\u00e1rios, oficinas, reflex\u00f5es e interc\u00e2mbio.<\/p>\n","protected":false},"author":1,"featured_media":26231,"comment_status":"open","ping_status":"open","sticky":false,"template":"","format":"standard","meta":{"footnotes":""},"categories":[1],"tags":[5825],"class_list":["post-26232","post","type-post","status-publish","format-standard","has-post-thumbnail","hentry","category-noticias-zeca-dirceu","tag-estao-abertas-as-inscricoes-para-festival-internacional-de-cinema-de-curitiba"],"_links":{"self":[{"href":"https:\/\/teste.bsb.br\/zeca\/wp-json\/wp\/v2\/posts\/26232","targetHints":{"allow":["GET"]}}],"collection":[{"href":"https:\/\/teste.bsb.br\/zeca\/wp-json\/wp\/v2\/posts"}],"about":[{"href":"https:\/\/teste.bsb.br\/zeca\/wp-json\/wp\/v2\/types\/post"}],"author":[{"embeddable":true,"href":"https:\/\/teste.bsb.br\/zeca\/wp-json\/wp\/v2\/users\/1"}],"replies":[{"embeddable":true,"href":"https:\/\/teste.bsb.br\/zeca\/wp-json\/wp\/v2\/comments?post=26232"}],"version-history":[{"count":0,"href":"https:\/\/teste.bsb.br\/zeca\/wp-json\/wp\/v2\/posts\/26232\/revisions"}],"wp:featuredmedia":[{"embeddable":true,"href":"https:\/\/teste.bsb.br\/zeca\/wp-json\/wp\/v2\/media\/26231"}],"wp:attachment":[{"href":"https:\/\/teste.bsb.br\/zeca\/wp-json\/wp\/v2\/media?parent=26232"}],"wp:term":[{"taxonomy":"category","embeddable":true,"href":"https:\/\/teste.bsb.br\/zeca\/wp-json\/wp\/v2\/categories?post=26232"},{"taxonomy":"post_tag","embeddable":true,"href":"https:\/\/teste.bsb.br\/zeca\/wp-json\/wp\/v2\/tags?post=26232"}],"curies":[{"name":"wp","href":"https:\/\/api.w.org\/{rel}","templated":true}]}}