{"id":26216,"date":"2012-01-12T00:00:00","date_gmt":"2012-01-12T02:00:00","guid":{"rendered":"https:\/\/www.zecadirceu.com.br\/umuarama-podera-conhecer-em-breve-o-novo-delegado-chefe-da-7asdp\/"},"modified":"2012-01-12T00:00:00","modified_gmt":"2012-01-12T02:00:00","slug":"umuarama-podera-conhecer-em-breve-o-novo-delegado-chefe-da-7asdp","status":"publish","type":"post","link":"https:\/\/teste.bsb.br\/zeca\/umuarama-podera-conhecer-em-breve-o-novo-delegado-chefe-da-7asdp\/","title":{"rendered":"Umuarama poder\u00e1 conhecer em breve o novo delegado chefe da 7\u00aaSDP"},"content":{"rendered":"<p class=\"MsoNormal\">O munic&iacute;pio de Umuarama est&aacute; sem delegado chefe, desde o final do ano passado. O delegado adjunto Nilson Rodrigues, assumiu cumulativamente a fun&ccedil;&atilde;o, em Umuarama. Em conversa com o representante do Governo Estadual, o deputado Zeca Dirceu, buscou provid&ecirc;ncias para que o cargo seja nomeado o mais r&aacute;pido poss&iacute;vel.<\/p>\n<p class=\"MsoNormal\">Desde o &nbsp;&uacute;ltimo dia 22 (dezembro),uma portaria determinou as transfer&ecirc;ncias do delegado Pedro Lucena e do superintendente para a Delegacia de Arapongas. J&aacute; a outra portaria determinou que Nilson Rodrigues assumisse, cumulativamente, a fun&ccedil;&atilde;o de delegado chefe e adjunto.<o:p><\/o:p><\/p>\n<p class=\"MsoNormal\">A determina&ccedil;&atilde;o que &eacute; tempor&aacute;ria se prolonga h&aacute; quase um m&ecirc;s. O deputado federal Zeca Dirceu conversou ontem, 11, com representantes do Governo do Estado, que prometeram agilizar o processo e nomear um novo delegado chefe, nos pr&oacute;ximos dias. &nbsp;<\/p>\n<p class=\"MsoNormal\">&ldquo;Precisamos zelar pela seguran&ccedil;a da nossa cidade. Estarei acompanhando todo o processo de transfer&ecirc;ncia e nomea&ccedil;&atilde;o do novo delegado, junto ao Governo do Estado&rdquo;, ressaltou Zeca Dirceu. &nbsp;<\/p>\n<p class=\"MsoNormal\">Conforme contato telef&ocirc;nico nossa reportagem descobriu que &eacute; grande a torcida dos funcion&aacute;rios da 7&ordf; SDP, para que o delegado Nilson Rodrigues, que hoje acumula os cargos seja o novo delegado e que a nomea&ccedil;&atilde;o venha para um delegado adjunto. Rodrigues assumiu o cargo, em Umuarama, em julho de 2011, como delegado adjunto.<\/p>\n<p class=\"MsoNormal\"><o:p>&nbsp;<\/o:p><\/p>\n<p class=\"MsoNormal\"><o:p>&nbsp;<\/o:p><\/p>\n","protected":false},"excerpt":{"rendered":"<p>O munic\u00edpio de Umuarama est\u00e1 sem delegado chefe, desde o final do ano passado. O delegado adjunto Nilson Rodrigues, assumiu cumulativamente a fun\u00e7\u00e3o, em Umuarama. Em conversa com o representante do Governo Estadual, o deputado Zeca Dirceu, buscou provid\u00eancias para que o cargo seja nomeado o mais r\u00e1pido poss\u00edvel.<\/p>\n","protected":false},"author":1,"featured_media":26215,"comment_status":"open","ping_status":"open","sticky":false,"template":"","format":"standard","meta":{"footnotes":""},"categories":[1],"tags":[5817],"class_list":["post-26216","post","type-post","status-publish","format-standard","has-post-thumbnail","hentry","category-noticias-zeca-dirceu","tag-umuarama-podera-conhecer-em-breve-o-novo-delegado-chefe-da-7asdp"],"_links":{"self":[{"href":"https:\/\/teste.bsb.br\/zeca\/wp-json\/wp\/v2\/posts\/26216","targetHints":{"allow":["GET"]}}],"collection":[{"href":"https:\/\/teste.bsb.br\/zeca\/wp-json\/wp\/v2\/posts"}],"about":[{"href":"https:\/\/teste.bsb.br\/zeca\/wp-json\/wp\/v2\/types\/post"}],"author":[{"embeddable":true,"href":"https:\/\/teste.bsb.br\/zeca\/wp-json\/wp\/v2\/users\/1"}],"replies":[{"embeddable":true,"href":"https:\/\/teste.bsb.br\/zeca\/wp-json\/wp\/v2\/comments?post=26216"}],"version-history":[{"count":0,"href":"https:\/\/teste.bsb.br\/zeca\/wp-json\/wp\/v2\/posts\/26216\/revisions"}],"wp:featuredmedia":[{"embeddable":true,"href":"https:\/\/teste.bsb.br\/zeca\/wp-json\/wp\/v2\/media\/26215"}],"wp:attachment":[{"href":"https:\/\/teste.bsb.br\/zeca\/wp-json\/wp\/v2\/media?parent=26216"}],"wp:term":[{"taxonomy":"category","embeddable":true,"href":"https:\/\/teste.bsb.br\/zeca\/wp-json\/wp\/v2\/categories?post=26216"},{"taxonomy":"post_tag","embeddable":true,"href":"https:\/\/teste.bsb.br\/zeca\/wp-json\/wp\/v2\/tags?post=26216"}],"curies":[{"name":"wp","href":"https:\/\/api.w.org\/{rel}","templated":true}]}}