{"id":26214,"date":"2012-01-12T00:00:00","date_gmt":"2012-01-12T02:00:00","guid":{"rendered":"https:\/\/www.zecadirceu.com.br\/governo-tera-pacote-de-ajuda-a-agricultores-atingidos-pela-seca-no-sul\/"},"modified":"2012-01-12T00:00:00","modified_gmt":"2012-01-12T02:00:00","slug":"governo-tera-pacote-de-ajuda-a-agricultores-atingidos-pela-seca-no-sul","status":"publish","type":"post","link":"https:\/\/teste.bsb.br\/zeca\/governo-tera-pacote-de-ajuda-a-agricultores-atingidos-pela-seca-no-sul\/","title":{"rendered":"Governo ter\u00e1 pacote de ajuda a agricultores atingidos pela seca no Sul"},"content":{"rendered":"<p>&nbsp;O ministro da Integra&ccedil;&atilde;o Nacional, Fernando Bezerra Coelho, disse nesta quarta-feira (11) que o governo deve anunciar na pr&oacute;xima sexta-feira (13), em Porto Alegre, medidas de apoio aos agricultores atingidos pela seca na regi&atilde;o Sul. Ele afirmou que ir&aacute; ao Rio Grande do Sul juntamente com o ministro da Agricultura, Mendes Ribeiro, para anunciar as medidas.<\/p>\n<p class=\"MsoNormal\"><o:p><\/o:p><\/p>\n<p class=\"MsoNormal\">De acordo com Bezerra, o Banco do Brasil estimou que os agricultores da regi&atilde;o Sul tomaram empr&eacute;stimos que somam cerca de R$ 3 bilh&otilde;es, mas que &ldquo;boa parte&rdquo; destes recursos &ndash; 80% &#8211; est&atilde;o segurados. &ldquo;Vamos oferecer medidas para os agricultores que n&atilde;o est&atilde;o cobertos pelo seguro&rdquo;, disse.<o:p><\/o:p><\/p>\n<p class=\"MsoNormal\">&ldquo;A preocupa&ccedil;&atilde;o do governo n&atilde;o &eacute; com esses &#91;que j&aacute; t&ecirc;m seguro], que precisam de recursos mais para renova&ccedil;&atilde;o do custeio. A preocupa&ccedil;&atilde;o do governo &eacute; com aqueles que n&atilde;o t&ecirc;m o seguro e que est&atilde;o, portanto, vivendo uma dificuldade muito grande de poder concluir a safra, manter a estabilidade da safra de sua propriedade e contratar um novo custeio&rdquo;, disse Bezerra.<o:p><\/o:p><\/p>\n<p class=\"MsoNormal\">De acordo com ele, as medidas ser&atilde;o &ldquo;instrumentos j&aacute; utilizados quando ocorre uma frustra&ccedil;&atilde;o de safra e o governo est&aacute; atento que a melhor medida &eacute; apoiar sobretudo os pequenos e m&eacute;dios produtores rurais&rdquo;.<o:p><\/o:p><\/p>\n<p class=\"MsoNormal\">Devem ser anunciados ainda incentivos para a constru&ccedil;&atilde;o de cisternas, reservat&oacute;rios e adutoras. Segundo o ministro, tamb&eacute;m h&aacute; preocupa&ccedil;&atilde;o por parte do governo &ldquo;com as cooperativas&rdquo; de agricultores.<o:p><\/o:p><\/p>\n<p class=\"MsoNormal\">Na &uacute;ltima ter&ccedil;a, a ministra da Casa Civil, Gleisi Hoffmann, recebeu ministros e t&eacute;cnicos relacionados &agrave; agricultura e ao clima para discutir a situa&ccedil;&atilde;o dos pequenos produtores afetados pela seca nos estados de Santa Catarina, Rio Grande do Sul e Paran&aacute;.<o:p><\/o:p><\/p>\n<p class=\"MsoNormal\">A presidente da Rep&uacute;blica, Dilma Rousseff, j&aacute; havia demonstrado preocupa&ccedil;&atilde;o com a estiagem nessa regi&atilde;o e determinou que os ministros relacionados tra&ccedil;assem um plano de a&ccedil;&atilde;o, segundo informou o ministro da Integra&ccedil;&atilde;o Nacional, Fernando Bezerra. Ela teria pedido, inclusive, que se realizassem estudos para a constru&ccedil;&atilde;o de barragens.<o:p><\/o:p><\/p>\n<p class=\"MsoNormal\">O governo federal j&aacute; havia liberado no in&iacute;cio da semana R$ 18 milh&otilde;es para o Rio Grande do Sul. A quantia ser&aacute; investida em obras nos munic&iacute;pios atingidos pela estiagem.<o:p><\/o:p><\/p>\n<p class=\"MsoNormal\">G1 <o:p><\/o:p><\/p>\n<p class=\"MsoNormal\">&nbsp;<\/p>\n","protected":false},"excerpt":{"rendered":"<p>O ministro da Integra\u00e7\u00e3o Nacional, Fernando Bezerra Coelho, disse nesta quarta-feira (11) que o governo deve anunciar na pr\u00f3xima sexta-feira (13), em Porto Alegre, medidas de apoio aos agricultores atingidos pela seca na regi\u00e3o Sul. Ele afirmou que ir\u00e1 ao Rio Grande do Sul juntamente com o ministro da Agricultura, Mendes Ribeiro, para anunciar as medidas.<\/p>\n","protected":false},"author":1,"featured_media":26213,"comment_status":"open","ping_status":"open","sticky":false,"template":"","format":"standard","meta":{"footnotes":""},"categories":[1],"tags":[5816],"class_list":["post-26214","post","type-post","status-publish","format-standard","has-post-thumbnail","hentry","category-noticias-zeca-dirceu","tag-governo-tera-pacote-de-ajuda-a-agricultores-atingidos-pela-seca-no-sul"],"_links":{"self":[{"href":"https:\/\/teste.bsb.br\/zeca\/wp-json\/wp\/v2\/posts\/26214","targetHints":{"allow":["GET"]}}],"collection":[{"href":"https:\/\/teste.bsb.br\/zeca\/wp-json\/wp\/v2\/posts"}],"about":[{"href":"https:\/\/teste.bsb.br\/zeca\/wp-json\/wp\/v2\/types\/post"}],"author":[{"embeddable":true,"href":"https:\/\/teste.bsb.br\/zeca\/wp-json\/wp\/v2\/users\/1"}],"replies":[{"embeddable":true,"href":"https:\/\/teste.bsb.br\/zeca\/wp-json\/wp\/v2\/comments?post=26214"}],"version-history":[{"count":0,"href":"https:\/\/teste.bsb.br\/zeca\/wp-json\/wp\/v2\/posts\/26214\/revisions"}],"wp:featuredmedia":[{"embeddable":true,"href":"https:\/\/teste.bsb.br\/zeca\/wp-json\/wp\/v2\/media\/26213"}],"wp:attachment":[{"href":"https:\/\/teste.bsb.br\/zeca\/wp-json\/wp\/v2\/media?parent=26214"}],"wp:term":[{"taxonomy":"category","embeddable":true,"href":"https:\/\/teste.bsb.br\/zeca\/wp-json\/wp\/v2\/categories?post=26214"},{"taxonomy":"post_tag","embeddable":true,"href":"https:\/\/teste.bsb.br\/zeca\/wp-json\/wp\/v2\/tags?post=26214"}],"curies":[{"name":"wp","href":"https:\/\/api.w.org\/{rel}","templated":true}]}}