{"id":26212,"date":"2012-01-12T00:00:00","date_gmt":"2012-01-12T02:00:00","guid":{"rendered":"https:\/\/www.zecadirceu.com.br\/seca-agricultores-do-sul-vao-receber-r-48-milhoes\/"},"modified":"2012-01-12T00:00:00","modified_gmt":"2012-01-12T02:00:00","slug":"seca-agricultores-do-sul-vao-receber-r-48-milhoes","status":"publish","type":"post","link":"https:\/\/teste.bsb.br\/zeca\/seca-agricultores-do-sul-vao-receber-r-48-milhoes\/","title":{"rendered":"Seca: agricultores do Sul v\u00e3o receber R$ 48 milh\u00f5es"},"content":{"rendered":"<p>&nbsp;<span style=\"color: rgb(34, 34, 34); font-family: Arial, Tahoma, sans-serif; font-size: 1.1em; line-height: 1.4em; \">O<\/span><span style=\"color: rgb(34, 34, 34); font-family: Arial, Tahoma, sans-serif; font-size: 1.1em; line-height: 1.4em; \">&nbsp;<\/span><strong style=\"color: rgb(34, 34, 34); font-family: Arial, Tahoma, sans-serif; font-size: 1.1em; line-height: 1.4em; margin-top: 0px; margin-right: 0px; margin-bottom: 0px; margin-left: 0px; padding-top: 0px; padding-right: 0px; padding-bottom: 0px; padding-left: 0px; outline-style: none; outline-width: initial; outline-color: initial; \">governo federal<\/strong><span style=\"color: rgb(34, 34, 34); font-family: Arial, Tahoma, sans-serif; font-size: 1.1em; line-height: 1.4em; \">&nbsp;<\/span><span style=\"color: rgb(34, 34, 34); font-family: Arial, Tahoma, sans-serif; font-size: 1.1em; line-height: 1.4em; \">se antecipou e divulgou nesta quinta-feira (12\/1) um<\/span><span style=\"color: rgb(34, 34, 34); font-family: Arial, Tahoma, sans-serif; font-size: 1.1em; line-height: 1.4em; \">&nbsp;<\/span><strong style=\"color: rgb(34, 34, 34); font-family: Arial, Tahoma, sans-serif; font-size: 1.1em; line-height: 1.4em; margin-top: 0px; margin-right: 0px; margin-bottom: 0px; margin-left: 0px; padding-top: 0px; padding-right: 0px; padding-bottom: 0px; padding-left: 0px; outline-style: none; outline-width: initial; outline-color: initial; \">pacote de a&ccedil;&otilde;es emergenciais<\/strong><span style=\"color: rgb(34, 34, 34); font-family: Arial, Tahoma, sans-serif; font-size: 1.1em; line-height: 1.4em; \">&nbsp;<\/span><span style=\"color: rgb(34, 34, 34); font-family: Arial, Tahoma, sans-serif; font-size: 1.1em; line-height: 1.4em; \">para ajudar os agricultores que enfrentam problemas com a estiagem no Sul do pa&iacute;s. Cerca de 93 munic&iacute;pios afetados v&atilde;o ser beneficiados &agrave; partir desta sexta-feira (13\/1) e os demais at&eacute; o final de semana. O documento em car&aacute;ter de emerg&ecirc;ncia coletiva deve facilitar a libera&ccedil;&atilde;o de recursos.<br \/>\n<\/span><\/p>\n<p style=\"margin-top: 0px; margin-right: 0px; margin-bottom: 20px; margin-left: 0px; padding-top: 0px; padding-right: 0px; padding-bottom: 0px; padding-left: 0px; outline-style: none; outline-width: initial; outline-color: initial; font-size: 1.1em; line-height: 1.4em; color: rgb(34, 34, 34); font-family: Arial, Tahoma, sans-serif; \">\nOs beneficiados ser&atilde;o&nbsp;<strong style=\"margin-top: 0px; margin-right: 0px; margin-bottom: 0px; margin-left: 0px; padding-top: 0px; padding-right: 0px; padding-bottom: 0px; padding-left: 0px; outline-style: none; outline-width: initial; outline-color: initial; \">Santa Catarina<\/strong>, onde 73 munic&iacute;pios decretaram&nbsp;<strong style=\"margin-top: 0px; margin-right: 0px; margin-bottom: 0px; margin-left: 0px; padding-top: 0px; padding-right: 0px; padding-bottom: 0px; padding-left: 0px; outline-style: none; outline-width: initial; outline-color: initial; \">situa&ccedil;&atilde;o de emerg&ecirc;ncia<\/strong>&nbsp;e mais de 65 mil propriedades rurais foram afetadas,<strong style=\"margin-top: 0px; margin-right: 0px; margin-bottom: 0px; margin-left: 0px; padding-top: 0px; padding-right: 0px; padding-bottom: 0px; padding-left: 0px; outline-style: none; outline-width: initial; outline-color: initial; \">&nbsp;Paran&aacute;<\/strong>, onde 35 cidades est&atilde;o em situa&ccedil;&atilde;o de emerg&ecirc;ncia e&nbsp;<strong style=\"margin-top: 0px; margin-right: 0px; margin-bottom: 0px; margin-left: 0px; padding-top: 0px; padding-right: 0px; padding-bottom: 0px; padding-left: 0px; outline-style: none; outline-width: initial; outline-color: initial; \">Rio Grande do Sul<\/strong>, o estado mais sofre com a estiagem: 188 munic&iacute;pios em situa&ccedil;&atilde;o de emerg&ecirc;ncia e mais de 1 milh&atilde;o de pessoas prejudicadas.<\/p>\n<p style=\"margin-top: 0px; margin-right: 0px; margin-bottom: 20px; margin-left: 0px; padding-top: 0px; padding-right: 0px; padding-bottom: 0px; padding-left: 0px; outline-style: none; outline-width: initial; outline-color: initial; font-size: 1.1em; line-height: 1.4em; color: rgb(34, 34, 34); font-family: Arial, Tahoma, sans-serif; \">Dentre as medidas para amenizar os efeitos das condi&ccedil;&otilde;es clim&aacute;ticas, est&atilde;o a perfura&ccedil;&atilde;o de a&ccedil;udes, recupera&ccedil;&atilde;o de barragens e instala&ccedil;&atilde;o de redes de distribui&ccedil;&atilde;o de &aacute;gua.&nbsp;<strong style=\"margin-top: 0px; margin-right: 0px; margin-bottom: 0px; margin-left: 0px; padding-top: 0px; padding-right: 0px; padding-bottom: 0px; padding-left: 0px; outline-style: none; outline-width: initial; outline-color: initial; \">Cristiano Heckert<\/strong>, diretor do Departamento de Articula&ccedil;&atilde;o e Gest&atilde;o da Defesa Civil, afirma que ser&aacute; necess&aacute;rio formular projetos que cumpram condi&ccedil;&otilde;es legais para que os recursos, que j&aacute; est&atilde;o dispon&iacute;veis, sejam repassados.<\/p>\n<p style=\"margin-top: 0px; margin-right: 0px; margin-bottom: 20px; margin-left: 0px; padding-top: 0px; padding-right: 0px; padding-bottom: 0px; padding-left: 0px; outline-style: none; outline-width: initial; outline-color: initial; font-size: 1.1em; line-height: 1.4em; color: rgb(34, 34, 34); font-family: Arial, Tahoma, sans-serif; \">Segundo Heckert, para facilitar a libera&ccedil;&atilde;o dos recursos, a presidente<strong style=\"margin-top: 0px; margin-right: 0px; margin-bottom: 0px; margin-left: 0px; padding-top: 0px; padding-right: 0px; padding-bottom: 0px; padding-left: 0px; outline-style: none; outline-width: initial; outline-color: initial; \">&nbsp;Dilma Rousseff<\/strong>&nbsp;determinou a cria&ccedil;&atilde;o do Centro de Monitoramento Integrado para a Seca do Sul. Neste Centro participar&atilde;o representantes dos governos estaduais, dos minist&eacute;rios da Agricultura, do Desenvolvimento Agr&aacute;rio, e da Integra&ccedil;&atilde;o e da Ag&ecirc;ncia Nacional de &Aacute;guas (ANA).&nbsp;<\/p>\n<p style=\"margin-top: 0px; margin-right: 0px; margin-bottom: 20px; margin-left: 0px; padding-top: 0px; padding-right: 0px; padding-bottom: 0px; padding-left: 0px; outline-style: none; outline-width: initial; outline-color: initial; font-size: 1.1em; line-height: 1.4em; color: rgb(34, 34, 34); font-family: Arial, Tahoma, sans-serif; \"><strong style=\"margin-top: 0px; margin-right: 0px; margin-bottom: 0px; margin-left: 0px; padding-top: 0px; padding-right: 0px; padding-bottom: 0px; padding-left: 0px; outline-style: none; outline-width: initial; outline-color: initial; \">D&iacute;vidas<br style=\"margin-top: 0px; margin-right: 0px; margin-bottom: 0px; margin-left: 0px; padding-top: 0px; padding-right: 0px; padding-bottom: 0px; padding-left: 0px; outline-style: none; outline-width: initial; outline-color: initial; \" \/><br \/>\n<\/strong>Outra medida anunciada foi o vencimento de parcelas do financiamento agr&iacute;cola que ser&aacute;&nbsp;<strong style=\"margin-top: 0px; margin-right: 0px; margin-bottom: 0px; margin-left: 0px; padding-top: 0px; padding-right: 0px; padding-bottom: 0px; padding-left: 0px; outline-style: none; outline-width: initial; outline-color: initial; \">prorrogado&nbsp;<\/strong>at&eacute; 31 de julho. A medida vale para os produtores que n&atilde;o contrataram o cr&eacute;dito rural com seguro. Conforme o tamanho da perda, as d&iacute;vidas dos produtores n&atilde;o segurados poder&atilde;o ser reescalonadas por um prazo m&aacute;ximo de cinco anos. Outra a&ccedil;&atilde;o para atenuar os<strong style=\"margin-top: 0px; margin-right: 0px; margin-bottom: 0px; margin-left: 0px; padding-top: 0px; padding-right: 0px; padding-bottom: 0px; padding-left: 0px; outline-style: none; outline-width: initial; outline-color: initial; \">&nbsp;preju&iacute;zos<\/strong>&nbsp;dos agricultores familiares atingidos pela estiagem na regi&atilde;o, &eacute; a oferta de subs&iacute;dio para compra de milho e trigo para garantir suprimento nutricional do gado leiteiro. &ldquo;Vamos comprar gr&atilde;os e revender a pre&ccedil;os subsidiados, garantindo a nutri&ccedil;&atilde;o e a continuidade da produ&ccedil;&atilde;o leiteira&rdquo;, disse o ministro.<\/p>\n<p style=\"margin-top: 0px; margin-right: 0px; margin-bottom: 20px; margin-left: 0px; padding-top: 0px; padding-right: 0px; padding-bottom: 0px; padding-left: 0px; outline-style: none; outline-width: initial; outline-color: initial; font-size: 1.1em; line-height: 1.4em; color: rgb(34, 34, 34); font-family: Arial, Tahoma, sans-serif; \">Com a situa&ccedil;&atilde;o de emerg&ecirc;ncia evidente, Santa Catarina e Paran&aacute; tamb&eacute;m poder&atilde;o receber recursos emergenciais. O governador de Santa Catarina, Raimundo Colombo, esteve nesta quinta-feira no Pal&aacute;cio no Planalto e pediu R$ 20 milh&otilde;es.<\/p>\n<p style=\"margin-top: 0px; margin-right: 0px; margin-bottom: 20px; margin-left: 0px; padding-top: 0px; padding-right: 0px; padding-bottom: 0px; padding-left: 0px; outline-style: none; outline-width: initial; outline-color: initial; font-size: 1.1em; line-height: 1.4em; color: rgb(34, 34, 34); font-family: Arial, Tahoma, sans-serif; \">Segundo o ministro da Agricultura,&nbsp;<strong style=\"margin-top: 0px; margin-right: 0px; margin-bottom: 0px; margin-left: 0px; padding-top: 0px; padding-right: 0px; padding-bottom: 0px; padding-left: 0px; outline-style: none; outline-width: initial; outline-color: initial; \">Mendes Ribeiro<\/strong>, no Sul do pa&iacute;s a perda m&eacute;dia foi de 32% da produ&ccedil;&atilde;o, principalmente na lavoura de milho, que estava na &eacute;poca de flora&ccedil;&atilde;o no auge da seca. Ele disse nesta quinta-feira que o governo prev&ecirc;, at&eacute; o momento, o pagamento de R$ 1 bilh&atilde;o aos produtores que perderam parte da safra nas regi&otilde;es atingidas pela estiagem.<\/p>\n<p>Ag&ecirc;ncia Brasil<\/p>\n","protected":false},"excerpt":{"rendered":"<p>O governo federal se antecipou e divulgou nesta quinta-feira (12\/1) um pacote de a\u00e7\u00f5es emergenciais para ajudar os agricultores que enfrentam problemas com a estiagem no Sul do pa\u00eds. Cerca de 93 munic\u00edpios afetados v\u00e3o ser beneficiados \u00e0 partir desta sexta-feira (13\/1) e os demais at\u00e9 o final de semana. O documento em car\u00e1ter de emerg\u00eancia coletiva deve facilitar a libera\u00e7\u00e3o de recursos.<\/p>\n","protected":false},"author":1,"featured_media":26211,"comment_status":"open","ping_status":"open","sticky":false,"template":"","format":"standard","meta":{"footnotes":""},"categories":[1],"tags":[5815],"class_list":["post-26212","post","type-post","status-publish","format-standard","has-post-thumbnail","hentry","category-noticias-zeca-dirceu","tag-seca-agricultores-do-sul-vao-receber-r-48-milhoes"],"_links":{"self":[{"href":"https:\/\/teste.bsb.br\/zeca\/wp-json\/wp\/v2\/posts\/26212","targetHints":{"allow":["GET"]}}],"collection":[{"href":"https:\/\/teste.bsb.br\/zeca\/wp-json\/wp\/v2\/posts"}],"about":[{"href":"https:\/\/teste.bsb.br\/zeca\/wp-json\/wp\/v2\/types\/post"}],"author":[{"embeddable":true,"href":"https:\/\/teste.bsb.br\/zeca\/wp-json\/wp\/v2\/users\/1"}],"replies":[{"embeddable":true,"href":"https:\/\/teste.bsb.br\/zeca\/wp-json\/wp\/v2\/comments?post=26212"}],"version-history":[{"count":0,"href":"https:\/\/teste.bsb.br\/zeca\/wp-json\/wp\/v2\/posts\/26212\/revisions"}],"wp:featuredmedia":[{"embeddable":true,"href":"https:\/\/teste.bsb.br\/zeca\/wp-json\/wp\/v2\/media\/26211"}],"wp:attachment":[{"href":"https:\/\/teste.bsb.br\/zeca\/wp-json\/wp\/v2\/media?parent=26212"}],"wp:term":[{"taxonomy":"category","embeddable":true,"href":"https:\/\/teste.bsb.br\/zeca\/wp-json\/wp\/v2\/categories?post=26212"},{"taxonomy":"post_tag","embeddable":true,"href":"https:\/\/teste.bsb.br\/zeca\/wp-json\/wp\/v2\/tags?post=26212"}],"curies":[{"name":"wp","href":"https:\/\/api.w.org\/{rel}","templated":true}]}}