{"id":26206,"date":"2012-01-13T00:00:00","date_gmt":"2012-01-13T02:00:00","guid":{"rendered":"https:\/\/www.zecadirceu.com.br\/agricultor-familiar-com-perda-total-tera-100-do-financiamento-coberto-por-seguro\/"},"modified":"2012-01-13T00:00:00","modified_gmt":"2012-01-13T02:00:00","slug":"agricultor-familiar-com-perda-total-tera-100-do-financiamento-coberto-por-seguro","status":"publish","type":"post","link":"https:\/\/teste.bsb.br\/zeca\/agricultor-familiar-com-perda-total-tera-100-do-financiamento-coberto-por-seguro\/","title":{"rendered":"Agricultor familiar com perda total ter\u00e1 100% do financiamento coberto por seguro"},"content":{"rendered":"<p>&nbsp;<span style=\"color: rgb(51, 51, 51); font-family: Arial, Helvetica, sans-serif; line-height: 16px; \">Para apoiar os agricultores atingidos pela estiagem na regi&atilde;o Sul do Brasil, o Minist&eacute;rio do Desenvolvimento Agr&aacute;rio (SAF\/MDA) adotar&aacute; medidas de cr&eacute;dito, seguro e apoio &agrave; produ&ccedil;&atilde;o como parte do conjunto de a&ccedil;&otilde;es do Governo Federal.<br \/>\n<\/span><\/p>\n<p style=\"margin-top: 3px; margin-right: 0px; margin-bottom: 10px; margin-left: 0px; padding-top: 0px; padding-right: 0px; padding-bottom: 0px; padding-left: 0px; line-height: 16px; color: rgb(51, 51, 51); font-family: Arial, Helvetica, sans-serif; \">\nEm coletiva realizada nesta quinta-feira (12), em Bras&iacute;lia, o ministro Afonso Florence refor&ccedil;ou que o minist&eacute;rio j&aacute; desenvolve a&ccedil;&otilde;es preventivas relacionadas &agrave; produ&ccedil;&atilde;o da agricultura familiar com o Seguro da Agricultura Familiar (SEAF). Na regi&atilde;o Sul, j&aacute; s&atilde;o mais 390 mil contratos segurados pelo Seguro da Agricultura Familiar (SEAF) na safra 2011-2012, o que corresponde a um valor de mais de R$ 3,1 bilh&otilde;es segurados. Em todo o Brasil, o n&uacute;mero de contratos financiados para custeio agr&iacute;cola pelo Pronaf ultrapassa os 639 mil. Esses s&atilde;o os n&uacute;meros referentes ao m&ecirc;s de janeiro, da safra 2011-2012, ainda em curso.<\/p>\n<p style=\"margin-top: 3px; margin-right: 0px; margin-bottom: 10px; margin-left: 0px; padding-top: 0px; padding-right: 0px; padding-bottom: 0px; padding-left: 0px; line-height: 16px; color: rgb(51, 51, 51); font-family: Arial, Helvetica, sans-serif; \">O ministro anunciou que os contratos do Pronaf tanto de custeio j&aacute; renegociados quanto de investimento e custeio da safra 2011-2012 ter&atilde;o seus prazos de pagamento prorrogados at&eacute; 31 de julho de 2012 para os munic&iacute;pios atingidos pela estiagem nos estados do Sul. Com o SEAF e outros subs&iacute;dios, o governo federal tem mais de 85% do cr&eacute;dito de custeio na regi&atilde;o afetada pela estiagem coberto com seguro agr&iacute;cola.&nbsp;<br style=\"margin-top: 0px; margin-right: 0px; margin-bottom: 0px; margin-left: 0px; padding-top: 0px; padding-right: 0px; padding-bottom: 0px; padding-left: 0px; \" \/><br \/>\n&ldquo;At&eacute; o momento, foram feitas 19 mil notifica&ccedil;&otilde;es de perdas. Na hip&oacute;tese de chegarmos a 100 mil contratos com perdas, haver&aacute; necessidade de um valor da ordem de R$ 680 milh&otilde;es. O valor vai variar de acordo com o n&uacute;mero de notifica&ccedil;&otilde;es e o total de perdas apuradas na visita t&eacute;cnica &agrave; unidade produtiva rural&rdquo;, observa o ministro.<\/p>\n<p style=\"margin-top: 3px; margin-right: 0px; margin-bottom: 10px; margin-left: 0px; padding-top: 0px; padding-right: 0px; padding-bottom: 0px; padding-left: 0px; line-height: 16px; color: rgb(51, 51, 51); font-family: Arial, Helvetica, sans-serif; \">O MDA est&aacute; priorizando os laudos individuais, ou seja, os t&eacute;cnicos est&atilde;o apurando a perda efetiva de cada produtor. Em caso de perda total, o seguro garante 100% do financiamento e um adicional de at&eacute; R$ 3.500,00 por produtor.<\/p>\n<p style=\"margin-top: 3px; margin-right: 0px; margin-bottom: 10px; margin-left: 0px; padding-top: 0px; padding-right: 0px; padding-bottom: 0px; padding-left: 0px; line-height: 16px; color: rgb(51, 51, 51); font-family: Arial, Helvetica, sans-serif; \"><strong style=\"margin-top: 0px; margin-right: 0px; margin-bottom: 0px; margin-left: 0px; padding-top: 0px; padding-right: 0px; padding-bottom: 0px; padding-left: 0px; \">Medidas<\/strong><\/p>\n<p style=\"margin-top: 3px; margin-right: 0px; margin-bottom: 10px; margin-left: 0px; padding-top: 0px; padding-right: 0px; padding-bottom: 0px; padding-left: 0px; line-height: 16px; color: rgb(51, 51, 51); font-family: Arial, Helvetica, sans-serif; \">Para os agricultores dos munic&iacute;pios atingidos cuja renda de soja, milho e feij&atilde;o seria utilizada para pagar o cr&eacute;dito rural, ser&aacute; proposto no Conselho Monet&aacute;rio Nacional que seja prorrogado para 31 de julho as parcelas com vencimento entre janeiro de 2012 e 30 de junho de 2012 de opera&ccedil;&otilde;es de custeio prorrogados de safras anteriores e as de cr&eacute;ditos de investimento e de custeio da safra atual (2011-2012).<\/p>\n<p style=\"margin-top: 3px; margin-right: 0px; margin-bottom: 10px; margin-left: 0px; padding-top: 0px; padding-right: 0px; padding-bottom: 0px; padding-left: 0px; line-height: 16px; color: rgb(51, 51, 51); font-family: Arial, Helvetica, sans-serif; \">Para opera&ccedil;&otilde;es com seguro, o prazo vai viabilizar a elabora&ccedil;&atilde;o de laudos de perda, permitindo a cobertura do seguro. J&aacute; para as opera&ccedil;&otilde;es sem seguro, o prazo de 31 de julho vai permitir a elabora&ccedil;&atilde;o de laudos t&eacute;cnicos necess&aacute;rios para a renegocia&ccedil;&atilde;o das d&iacute;vidas de produtores que tiveram perdas superiores a 30%. A partir dos laudos t&eacute;cnicos, os agricultores poder&atilde;o renegociar opera&ccedil;&otilde;es de cr&eacute;dito de custeio da safra atual (11-12). Tamb&eacute;m poder&atilde;o prorrogar para um ano ap&oacute;s a &uacute;ltima parcela prevista no contrato, as parcelas com vencimento em 2012 de opera&ccedil;&otilde;es de custeio j&aacute; prorrogadas em safras anteriores.<\/p>\n<p style=\"margin-top: 3px; margin-right: 0px; margin-bottom: 10px; margin-left: 0px; padding-top: 0px; padding-right: 0px; padding-bottom: 0px; padding-left: 0px; line-height: 16px; color: rgb(51, 51, 51); font-family: Arial, Helvetica, sans-serif; \">O MDA, juntamente com os demais minist&eacute;rios que integram as a&ccedil;&otilde;es do governo para o Sul, tamb&eacute;m est&aacute; estruturando um programa de venda de milho para alimenta&ccedil;&atilde;o animal, para atender agricultores familiares nos munic&iacute;pios que decretaram estado de emerg&ecirc;ncia em decorr&ecirc;ncia da estiagem. As quantidades por produtor e os pre&ccedil;os de venda ser&atilde;o definidos nos pr&oacute;ximos dias. A medida evitar&aacute; que falte alimenta&ccedil;&atilde;o para os animais.<\/p>\n<p style=\"margin-top: 3px; margin-right: 0px; margin-bottom: 10px; margin-left: 0px; padding-top: 0px; padding-right: 0px; padding-bottom: 0px; padding-left: 0px; line-height: 16px; color: rgb(51, 51, 51); font-family: Arial, Helvetica, sans-serif; \">Para o setor de produ&ccedil;&atilde;o leiteira, ser&aacute; garantido o acesso a gr&atilde;os (trigo e milho) para o suprimento nutricional para o gado leiteiro. &ldquo;Para o produtor de leite vamos comprar gr&atilde;os e revender a pre&ccedil;os subsidiados garantindo a nutri&ccedil;&atilde;o animal e a continuidade da produ&ccedil;&atilde;o leiteira&rdquo;, disse o ministro Afonso Florence.<\/p>\n<p style=\"margin-top: 3px; margin-right: 0px; margin-bottom: 10px; margin-left: 0px; padding-top: 0px; padding-right: 0px; padding-bottom: 0px; padding-left: 0px; line-height: 16px; color: rgb(51, 51, 51); font-family: Arial, Helvetica, sans-serif; \"><a href=\"http:\/\/www.mda.gov.br\/portal\/\" style=\"margin-top: 0px; margin-right: 0px; margin-bottom: 0px; margin-left: 0px; padding-top: 0px; padding-right: 0px; padding-bottom: 0px; padding-left: 0px; text-decoration: none; color: rgb(102, 102, 102); \">Portal do Minist&eacute;rio do Desenvolvimento Agr&aacute;rio<\/a><\/p>\n<div class=\"sc-player\" style=\"margin-top: 20px; margin-right: 0px; margin-bottom: 20px; margin-left: 0px; padding-top: 0px; padding-right: 0px; padding-bottom: 0px; padding-left: 0px; width: 508px; height: 150px; position: relative; font: normal normal normal 12px\/normal Arial, sans-serif; color: rgb(51, 51, 51); font-size: 1.6em; line-height: 1.6em; font-weight: bold; \">\n<div class=\"sc-info\" style=\"margin-top: 0px; margin-right: 0px; margin-bottom: 0px; margin-left: -40px; padding-top: 5px; padding-right: 5px; padding-bottom: 5px; padding-left: 5px; position: absolute; top: 10px; left: -5000px; width: 200px; height: 450px; z-index: 500; background-image: initial; background-attachment: initial; background-origin: initial; background-clip: initial; opacity: 0.9; \">\n<h3 style=\"margin-top: 0px; margin-right: 0px; margin-bottom: 0px; margin-left: 0px; padding-top: 0px; padding-right: 0px; padding-bottom: 0px; padding-left: 0px; font-size: 12px; \"><a href=\"http:\/\/soundcloud.com\/ptbrasil\/agricultor-familiar-com-perda\" style=\"margin-top: 0px; margin-right: 0px; margin-bottom: 0px; margin-left: 0px; padding-top: 0px; padding-right: 0px; padding-bottom: 0px; padding-left: 0px; text-decoration: none; color: rgb(51, 51, 51); \">Agricultor familiar com perda total&nbsp;<\/a><\/h3>\n<\/div>\n<\/div>\n","protected":false},"excerpt":{"rendered":"<p>Em coletiva realizada nesta quinta-feira (12), em Bras\u00edlia, o ministro Afonso Florence refor\u00e7ou que o minist\u00e9rio j\u00e1 desenvolve a\u00e7\u00f5es preventivas relacionadas \u00e0 produ\u00e7\u00e3o da agricultura familiar com o Seguro da Agricultura Familiar (SEAF). Na regi\u00e3o Sul, j\u00e1 s\u00e3o mais 390 mil contratos segurados pelo Seguro da Agricultura Familiar (SEAF) na safra 2011-2012, o que corresponde a um valor de mais de R$ 3,1 bilh\u00f5es segurados. Em todo o Brasil, o n\u00famero de contratos financiados para custeio agr\u00edcola pelo Pronaf ultrapassa os 639 mil. Esses s\u00e3o os n\u00fameros referentes ao m\u00eas de janeiro, da safra 2011-2012, ainda em curso.<\/p>\n","protected":false},"author":1,"featured_media":26205,"comment_status":"open","ping_status":"open","sticky":false,"template":"","format":"standard","meta":{"footnotes":""},"categories":[1],"tags":[5811],"class_list":["post-26206","post","type-post","status-publish","format-standard","has-post-thumbnail","hentry","category-noticias-zeca-dirceu","tag-agricultor-familiar-com-perda-total-tera-100-do-financiamento-coberto-por-seguro"],"_links":{"self":[{"href":"https:\/\/teste.bsb.br\/zeca\/wp-json\/wp\/v2\/posts\/26206","targetHints":{"allow":["GET"]}}],"collection":[{"href":"https:\/\/teste.bsb.br\/zeca\/wp-json\/wp\/v2\/posts"}],"about":[{"href":"https:\/\/teste.bsb.br\/zeca\/wp-json\/wp\/v2\/types\/post"}],"author":[{"embeddable":true,"href":"https:\/\/teste.bsb.br\/zeca\/wp-json\/wp\/v2\/users\/1"}],"replies":[{"embeddable":true,"href":"https:\/\/teste.bsb.br\/zeca\/wp-json\/wp\/v2\/comments?post=26206"}],"version-history":[{"count":0,"href":"https:\/\/teste.bsb.br\/zeca\/wp-json\/wp\/v2\/posts\/26206\/revisions"}],"wp:featuredmedia":[{"embeddable":true,"href":"https:\/\/teste.bsb.br\/zeca\/wp-json\/wp\/v2\/media\/26205"}],"wp:attachment":[{"href":"https:\/\/teste.bsb.br\/zeca\/wp-json\/wp\/v2\/media?parent=26206"}],"wp:term":[{"taxonomy":"category","embeddable":true,"href":"https:\/\/teste.bsb.br\/zeca\/wp-json\/wp\/v2\/categories?post=26206"},{"taxonomy":"post_tag","embeddable":true,"href":"https:\/\/teste.bsb.br\/zeca\/wp-json\/wp\/v2\/tags?post=26206"}],"curies":[{"name":"wp","href":"https:\/\/api.w.org\/{rel}","templated":true}]}}