{"id":26204,"date":"2012-01-13T00:00:00","date_gmt":"2012-01-13T02:00:00","guid":{"rendered":"https:\/\/www.zecadirceu.com.br\/recursos-federais-para-a-santa-casa-de-campo-mourao\/"},"modified":"2012-01-13T00:00:00","modified_gmt":"2012-01-13T02:00:00","slug":"recursos-federais-para-a-santa-casa-de-campo-mourao","status":"publish","type":"post","link":"https:\/\/teste.bsb.br\/zeca\/recursos-federais-para-a-santa-casa-de-campo-mourao\/","title":{"rendered":"Recursos federais para a Santa Casa de Campo Mour\u00e3o"},"content":{"rendered":"<p>&nbsp; <span style=\"color: rgb(34, 34, 34); font-family: arial, sans-serif; font-size: 13px; background-color: rgba(255, 255, 255, 0.917969); \">A bancada paranaense na C&acirc;mara destinou, ao or&ccedil;amento de 2012, uma emenda coletiva que destina R$80 milh&otilde;es a institui&ccedil;&otilde;es filantr&oacute;picas do estado, entre elas a Santa Casa do munic&iacute;pio de Campo Mour&atilde;o no Paran&aacute;. O deputado federal Zeca Dirceu fala da import&acirc;ncia da destina&ccedil;&atilde;o de recursos or&ccedil;ament&aacute;rios &agrave; institui&ccedil;&atilde;o. Ou&ccedil;a a reportagem no &iacute;cone abaixo.<\/span><br style=\"color: rgb(34, 34, 34); font-family: arial, sans-serif; font-size: 13px; background-color: rgba(255, 255, 255, 0.917969); \" \/><\/p>\n","protected":false},"excerpt":{"rendered":"<p>A bancada paranaense na C\u00e2mara destinou, ao or\u00e7amento de 2012, uma emenda coletiva que destina R$80 milh\u00f5es a institui\u00e7\u00f5es filantr\u00f3picas do estado, entre elas a Santa Casa do munic\u00edpio de Campo Mour\u00e3o no Paran\u00e1. O deputado federal Zeca Dirceu fala da import\u00e2ncia da destina\u00e7\u00e3o de recursos or\u00e7ament\u00e1rios \u00e0 institui\u00e7\u00e3o. Ou\u00e7a a reportagem no \u00edcone abaixo.<\/p>\n","protected":false},"author":1,"featured_media":26203,"comment_status":"open","ping_status":"open","sticky":false,"template":"","format":"standard","meta":{"footnotes":""},"categories":[1],"tags":[5810],"class_list":["post-26204","post","type-post","status-publish","format-standard","has-post-thumbnail","hentry","category-noticias-zeca-dirceu","tag-recursos-federais-para-a-santa-casa-de-campo-mourao"],"_links":{"self":[{"href":"https:\/\/teste.bsb.br\/zeca\/wp-json\/wp\/v2\/posts\/26204","targetHints":{"allow":["GET"]}}],"collection":[{"href":"https:\/\/teste.bsb.br\/zeca\/wp-json\/wp\/v2\/posts"}],"about":[{"href":"https:\/\/teste.bsb.br\/zeca\/wp-json\/wp\/v2\/types\/post"}],"author":[{"embeddable":true,"href":"https:\/\/teste.bsb.br\/zeca\/wp-json\/wp\/v2\/users\/1"}],"replies":[{"embeddable":true,"href":"https:\/\/teste.bsb.br\/zeca\/wp-json\/wp\/v2\/comments?post=26204"}],"version-history":[{"count":0,"href":"https:\/\/teste.bsb.br\/zeca\/wp-json\/wp\/v2\/posts\/26204\/revisions"}],"wp:featuredmedia":[{"embeddable":true,"href":"https:\/\/teste.bsb.br\/zeca\/wp-json\/wp\/v2\/media\/26203"}],"wp:attachment":[{"href":"https:\/\/teste.bsb.br\/zeca\/wp-json\/wp\/v2\/media?parent=26204"}],"wp:term":[{"taxonomy":"category","embeddable":true,"href":"https:\/\/teste.bsb.br\/zeca\/wp-json\/wp\/v2\/categories?post=26204"},{"taxonomy":"post_tag","embeddable":true,"href":"https:\/\/teste.bsb.br\/zeca\/wp-json\/wp\/v2\/tags?post=26204"}],"curies":[{"name":"wp","href":"https:\/\/api.w.org\/{rel}","templated":true}]}}