{"id":26202,"date":"2012-01-13T00:00:00","date_gmt":"2012-01-13T02:00:00","guid":{"rendered":"https:\/\/www.zecadirceu.com.br\/oit-destaca-politica-brasileira-de-valorizacao-do-salario-minimo\/"},"modified":"2012-01-13T00:00:00","modified_gmt":"2012-01-13T02:00:00","slug":"oit-destaca-politica-brasileira-de-valorizacao-do-salario-minimo","status":"publish","type":"post","link":"https:\/\/teste.bsb.br\/zeca\/oit-destaca-politica-brasileira-de-valorizacao-do-salario-minimo\/","title":{"rendered":"OIT destaca pol\u00edtica brasileira de valoriza\u00e7\u00e3o do sal\u00e1rio m\u00ednimo"},"content":{"rendered":"<p>&nbsp;A experi&ecirc;ncia do Brasil de valoriza&ccedil;&atilde;o do sal&aacute;rio m&iacute;nimo foi destacada no relat&oacute;rio Panorama Laboral da Organiza&ccedil;&atilde;o Internacional do Trabalho (OIT), divulgado nesta quinta-feira (12). Segundo o relat&oacute;rio, apesar de haver outras refer&ecirc;ncias importantes na Am&eacute;rica Latina e no Caribe, cabe destacar a experi&ecirc;ncia brasileira por causa de sua import&acirc;ncia no desenvolvimento socioecon&ocirc;mico recente do Pa&iacute;s.<\/p>\n<p class=\"MsoNormal\"><o:p><\/o:p><\/p>\n<p class=\"MsoNormal\">O Brasil adotou, durante o segundo mandato do presidente Luiz In&aacute;cio Lula da Silva, uma pol&iacute;tica de valoriza&ccedil;&atilde;o do sal&aacute;rio m&iacute;nimo que acabou virando lei, em 2011, durante o governo da presidenta Dilma Rousseff.<o:p><\/o:p><\/p>\n<p class=\"MsoNormal\">A pol&iacute;tica foi fruto de um acordo entre sindicalistas, empres&aacute;rios e o governo. A base de c&aacute;lculo para o sal&aacute;rio &eacute; a infla&ccedil;&atilde;o do per&iacute;odo anterior mais a varia&ccedil;&atilde;o do Produto Interno Bruto (PIB) dos dois anos anteriores. No Brasil, o sal&aacute;rio m&iacute;nimo tem abrang&ecirc;ncia nacional e, legalmente, nenhum trabalhador pode receber um subs&iacute;dio menor.<o:p><\/o:p><\/p>\n<p class=\"MsoNormal\">Entre os crit&eacute;rios adotados pela pol&iacute;tica de valoriza&ccedil;&atilde;o do sal&aacute;rio m&iacute;nimo est&atilde;o fatores como a preserva&ccedil;&atilde;o do poder aquisitivo, medido pelo &iacute;ndice de Pre&ccedil;os ao Consumidor Amplo (IPCA), infla&ccedil;&atilde;o oficial; e um aumento real baseado no PIB.<o:p><\/o:p><\/p>\n<p class=\"MsoNormal\">O relat&oacute;rio da OIT afirma que o sal&aacute;rio m&iacute;nimo &eacute; um pilar importante do modelo de crescimento com inclus&atilde;o social, dada a sua refer&ecirc;ncia para a estrutura&ccedil;&atilde;o do mercado de trabalho e para as pol&iacute;ticas sociais.<o:p><\/o:p><\/p>\n<p class=\"MsoNormal\">Durante os oito anos de governo Lula (2003 a 2010), o sal&aacute;rio m&iacute;nimo aumentou, em m&eacute;dia, 5,8% ao ano, com um incremento real acumulado de quase 60% de acordo com o documento. No mesmo per&iacute;odo, o PIB aumentou, em m&eacute;dia, 4% ao ano, sendo que o PIB per capita cresceu em um ritmo de 2,3%. O resultado disso, segundo o relat&oacute;rio, foi um crescimento do sal&aacute;rio m&iacute;nimo acima do PIB, o que desencadeou efeitos de redistribui&ccedil;&atilde;o importantes e contribuiu para a redu&ccedil;&atilde;o dos n&iacute;veis de pobreza.<o:p><\/o:p><\/p>\n<p class=\"MsoNormal\">Esse crescimento, aponta o relat&oacute;rio, &eacute; quase o dobro do observado durante o governo do presidente Fernando Henrique Cardoso (1995 a 2002). Nesses anos, o crescimento do sal&aacute;rio m&iacute;nimo foi de 3,3% ao ano e o crescimento do PIB de 2,3%; o PIB per capita cresceu 0,8%. Considerando os dois per&iacute;odos (16 anos), o sal&aacute;rio m&iacute;nimo duplicou em termos reais.<o:p><\/o:p><\/p>\n<p class=\"MsoNormal\"><o:p>&nbsp;<\/o:p><\/p>\n<p class=\"MsoNormal\">(Portal Brasil)<o:p><\/o:p><\/p>\n<p class=\"MsoNormal\"><o:p>&nbsp;<\/o:p><\/p>\n","protected":false},"excerpt":{"rendered":"<p>A experi\u00eancia do Brasil de valoriza\u00e7\u00e3o do sal\u00e1rio m\u00ednimo foi destacada no relat\u00f3rio Panorama Laboral da Organiza\u00e7\u00e3o Internacional do Trabalho (OIT), divulgado nesta quinta-feira (12). Segundo o relat\u00f3rio, apesar de haver outras refer\u00eancias importantes na Am\u00e9rica Latina e no Caribe, cabe destacar a experi\u00eancia brasileira por causa de sua import\u00e2ncia no desenvolvimento socioecon\u00f4mico recente do Pa\u00eds.<\/p>\n","protected":false},"author":1,"featured_media":26201,"comment_status":"open","ping_status":"open","sticky":false,"template":"","format":"standard","meta":{"footnotes":""},"categories":[1],"tags":[5809],"class_list":["post-26202","post","type-post","status-publish","format-standard","has-post-thumbnail","hentry","category-noticias-zeca-dirceu","tag-oit-destaca-politica-brasileira-de-valorizacao-do-salario-minimo"],"_links":{"self":[{"href":"https:\/\/teste.bsb.br\/zeca\/wp-json\/wp\/v2\/posts\/26202","targetHints":{"allow":["GET"]}}],"collection":[{"href":"https:\/\/teste.bsb.br\/zeca\/wp-json\/wp\/v2\/posts"}],"about":[{"href":"https:\/\/teste.bsb.br\/zeca\/wp-json\/wp\/v2\/types\/post"}],"author":[{"embeddable":true,"href":"https:\/\/teste.bsb.br\/zeca\/wp-json\/wp\/v2\/users\/1"}],"replies":[{"embeddable":true,"href":"https:\/\/teste.bsb.br\/zeca\/wp-json\/wp\/v2\/comments?post=26202"}],"version-history":[{"count":0,"href":"https:\/\/teste.bsb.br\/zeca\/wp-json\/wp\/v2\/posts\/26202\/revisions"}],"wp:featuredmedia":[{"embeddable":true,"href":"https:\/\/teste.bsb.br\/zeca\/wp-json\/wp\/v2\/media\/26201"}],"wp:attachment":[{"href":"https:\/\/teste.bsb.br\/zeca\/wp-json\/wp\/v2\/media?parent=26202"}],"wp:term":[{"taxonomy":"category","embeddable":true,"href":"https:\/\/teste.bsb.br\/zeca\/wp-json\/wp\/v2\/categories?post=26202"},{"taxonomy":"post_tag","embeddable":true,"href":"https:\/\/teste.bsb.br\/zeca\/wp-json\/wp\/v2\/tags?post=26202"}],"curies":[{"name":"wp","href":"https:\/\/api.w.org\/{rel}","templated":true}]}}