{"id":26200,"date":"2012-01-13T00:00:00","date_gmt":"2012-01-13T02:00:00","guid":{"rendered":"https:\/\/www.zecadirceu.com.br\/inscricoes-para-o-prouni-comecam-a-meia-noite-de-hoje\/"},"modified":"2012-01-13T00:00:00","modified_gmt":"2012-01-13T02:00:00","slug":"inscricoes-para-o-prouni-comecam-a-meia-noite-de-hoje","status":"publish","type":"post","link":"https:\/\/teste.bsb.br\/zeca\/inscricoes-para-o-prouni-comecam-a-meia-noite-de-hoje\/","title":{"rendered":"Inscri\u00e7\u00f5es para o ProUni come\u00e7am \u00e0 meia-noite de hoje"},"content":{"rendered":"<p>&nbsp;<span style=\"font-family: verdana, arial, helvetica, sans-serif; line-height: 16px; \">Come&ccedil;a &agrave; meia-noite de hoje as inscri&ccedil;&otilde;es para o<\/span><span style=\"font-family: verdana, arial, helvetica, sans-serif; line-height: 16px; \">&nbsp;<\/span><strong style=\"font-family: verdana, arial, helvetica, sans-serif; line-height: 16px; margin-top: 0px; margin-right: 0px; margin-bottom: 0px; margin-left: 0px; padding-top: 0px; padding-right: 0px; padding-bottom: 0px; padding-left: 0px; list-style-type: none; list-style-position: initial; list-style-image: initial; border-top-style: none; border-right-style: none; border-bottom-style: none; border-left-style: none; border-width: initial; border-color: initial; border-image: initial; border-width: initial; border-color: initial; \">Programa Universidade Para Todos (ProUni)<\/strong><span style=\"font-family: verdana, arial, helvetica, sans-serif; line-height: 16px; \">, do governo federal. O programa, criado pelo<\/span><span style=\"font-family: verdana, arial, helvetica, sans-serif; line-height: 16px; \">&nbsp;<\/span><strong style=\"font-family: verdana, arial, helvetica, sans-serif; line-height: 16px; margin-top: 0px; margin-right: 0px; margin-bottom: 0px; margin-left: 0px; padding-top: 0px; padding-right: 0px; padding-bottom: 0px; padding-left: 0px; list-style-type: none; list-style-position: initial; list-style-image: initial; border-top-style: none; border-right-style: none; border-bottom-style: none; border-left-style: none; border-width: initial; border-color: initial; border-image: initial; border-width: initial; border-color: initial; \">Minist&eacute;rio da Educa&ccedil;&atilde;o<\/strong><span style=\"font-family: verdana, arial, helvetica, sans-serif; line-height: 16px; \">&nbsp;<\/span><span style=\"font-family: verdana, arial, helvetica, sans-serif; line-height: 16px; \">em 2004, oferece bolsas de estudo integrais ou parciais em institui&ccedil;&otilde;es privadas de ensino superior. Este ano est&atilde;o sendo ofertadas 195.030 bolsas, das quais 98.728 s&atilde;o integrais e outras 96.302 parciais, de 50% da mensalidade. No Paran&aacute;, 52 institui&ccedil;&otilde;es participam do programa, oferecendo vagas em 112 cidades.<\/span><\/p>\n<div id=\"psdotexto\" style=\"margin-top: 0px; margin-right: 0px; margin-bottom: 0px; margin-left: 0px; padding-top: 0px; padding-right: 0px; padding-bottom: 0px; padding-left: 0px; list-style-type: none; list-style-position: initial; list-style-image: initial; border-top-style: none; border-right-style: none; border-bottom-style: none; border-left-style: none; border-width: initial; border-color: initial; border-image: initial; border-width: initial; border-color: initial; line-height: 16px; font-family: verdana, 'arial sans-serif'; \">\n<p style=\"margin-top: 12px; margin-right: 10px; margin-bottom: 12px; margin-left: 0px; padding-top: 0px; padding-right: 0px; padding-bottom: 0px; padding-left: 0px; list-style-type: none; list-style-position: initial; list-style-image: initial; border-top-style: none; border-right-style: none; border-bottom-style: none; border-left-style: none; border-width: initial; border-color: initial; border-image: initial; border-width: initial; border-color: initial; font-family: verdana, arial, helvetica, sans-serif; \"><a href=\"http:\/\/siteprouni.mec.gov.br\/\" target=\"_blank\" style=\"margin-top: 0px; margin-right: 0px; margin-bottom: 0px; margin-left: 0px; padding-top: 0px; padding-right: 0px; padding-bottom: 2px; padding-left: 0px !important; list-style-type: none; list-style-position: initial; list-style-image: initial; border-top-style: none; border-right-style: none; border-bottom-style: dotted; border-left-style: none; border-width: initial; border-color: initial; border-image: initial; border-width: initial; border-color: initial; text-decoration: none; display: inline !important; background-image: none !important; background-attachment: initial !important; background-origin: initial !important; background-clip: initial !important; background-color: initial !important; color: rgb(15, 128, 222); border-bottom-width: 1px; border-bottom-color: rgb(17, 128, 221); \">As inscri&ccedil;&otilde;es devem ser feitas no site do Programa.<\/a><\/p>\n<p style=\"margin-top: 12px; margin-right: 10px; margin-bottom: 12px; margin-left: 0px; padding-top: 0px; padding-right: 0px; padding-bottom: 0px; padding-left: 0px; list-style-type: none; list-style-position: initial; list-style-image: initial; border-top-style: none; border-right-style: none; border-bottom-style: none; border-left-style: none; border-width: initial; border-color: initial; border-image: initial; border-width: initial; border-color: initial; font-family: verdana, arial, helvetica, sans-serif; \">Podem se candidatar &agrave;s bolsas integrais estudantes com renda familiar, por pessoa, de at&eacute; um sal&aacute;rio m&iacute;nimo e meio (R$ 933). As bolsas parciais s&atilde;o destinadas a candidatos com renda familiar de at&eacute; tr&ecirc;s sal&aacute;rios m&iacute;nimos (R$ 1.866) por pessoa. Al&eacute;m de ter feito o Enem 2011, com um m&iacute;nimo de 400 pontos na m&eacute;dia das cinco notas do exame e pelo menos nota m&iacute;nima na reda&ccedil;&atilde;o, o candidato deve ter cursado todo o ensino m&eacute;dio em escola p&uacute;blica ou, em caso de escola particular, na condi&ccedil;&atilde;o de bolsista integral. Os estudantes podem se candidatar at&eacute; &agrave;s 23h59 do dia 19, quinta-feira.<\/p>\n<p style=\"margin-top: 12px; margin-right: 10px; margin-bottom: 12px; margin-left: 0px; padding-top: 0px; padding-right: 0px; padding-bottom: 0px; padding-left: 0px; list-style-type: none; list-style-position: initial; list-style-image: initial; border-top-style: none; border-right-style: none; border-bottom-style: none; border-left-style: none; border-width: initial; border-color: initial; border-image: initial; border-width: initial; border-color: initial; font-family: verdana, arial, helvetica, sans-serif; \">Professores da rede p&uacute;blica de ensino b&aacute;sico que concorrem a bolsas em cursos de licenciatura, curso normal superior ou de pedagogia n&atilde;o precisam cumprir o crit&eacute;rio de renda, desde que estejam em efetivo exerc&iacute;cio e integrem o quadro permanente da escola na qual atuam.<\/p>\n<p style=\"margin-top: 12px; margin-right: 10px; margin-bottom: 12px; margin-left: 0px; padding-top: 0px; padding-right: 0px; padding-bottom: 0px; padding-left: 0px; list-style-type: none; list-style-position: initial; list-style-image: initial; border-top-style: none; border-right-style: none; border-bottom-style: none; border-left-style: none; border-width: initial; border-color: initial; border-image: initial; border-width: initial; border-color: initial; font-family: verdana, arial, helvetica, sans-serif; \"><strong style=\"margin-top: 0px; margin-right: 0px; margin-bottom: 0px; margin-left: 0px; padding-top: 0px; padding-right: 0px; padding-bottom: 0px; padding-left: 0px; list-style-type: none; list-style-position: initial; list-style-image: initial; border-top-style: none; border-right-style: none; border-bottom-style: none; border-left-style: none; border-width: initial; border-color: initial; border-image: initial; border-width: initial; border-color: initial; \">Espera<\/strong><\/p>\n<p style=\"margin-top: 12px; margin-right: 10px; margin-bottom: 12px; margin-left: 0px; padding-top: 0px; padding-right: 0px; padding-bottom: 0px; padding-left: 0px; list-style-type: none; list-style-position: initial; list-style-image: initial; border-top-style: none; border-right-style: none; border-bottom-style: none; border-left-style: none; border-width: initial; border-color: initial; border-image: initial; border-width: initial; border-color: initial; font-family: verdana, arial, helvetica, sans-serif; \">Ao fim das duas chamadas, os candidatos n&atilde;o pr&eacute;-selecionados ou aqueles que foram pr&eacute;-selecionados em cursos sem forma&ccedil;&atilde;o de turma podem manifestar interesse em fazer parte da lista de espera, que ser&aacute; usada pelas institui&ccedil;&otilde;es participantes do programa para a ocupa&ccedil;&atilde;o das bolsas eventualmente ainda n&atilde;o ocupadas.<\/p>\n<p style=\"margin-top: 12px; margin-right: 10px; margin-bottom: 12px; margin-left: 0px; padding-top: 0px; padding-right: 0px; padding-bottom: 0px; padding-left: 0px; list-style-type: none; list-style-position: initial; list-style-image: initial; border-top-style: none; border-right-style: none; border-bottom-style: none; border-left-style: none; border-width: initial; border-color: initial; border-image: initial; border-width: initial; border-color: initial; font-family: verdana, arial, helvetica, sans-serif; \">O per&iacute;odo para manifesta&ccedil;&atilde;o de interesse na lista ir&aacute; de 22 a 24 de fevereiro. Ao fim desse prazo, ser&atilde;o feitas duas convoca&ccedil;&otilde;es dos integrantes. A primeira, em 27 de fevereiro, com prazo para comprova&ccedil;&atilde;o de documentos e matr&iacute;cula de 28 do mesmo m&ecirc;s at&eacute; 2 de mar&ccedil;o. A segunda, em 9 de mar&ccedil;o, com prazo de 12 a 15 de mar&ccedil;o. Desde seu in&iacute;cio, o ProUni j&aacute; concedeu 919 mil bolsas de estudos em cursos de gradua&ccedil;&atilde;o e sequenciais de forma&ccedil;&atilde;o espec&iacute;fica.<\/p>\n<\/div>\n<div style=\"margin-top: 0px; margin-right: 0px; margin-bottom: 0px; margin-left: 0px; padding-top: 0px; padding-right: 0px; padding-bottom: 0px; padding-left: 0px; list-style-type: none; list-style-position: initial; list-style-image: initial; border-top-style: none; border-right-style: none; border-bottom-style: none; border-left-style: none; border-width: initial; border-color: initial; border-image: initial; border-width: initial; border-color: initial; font-family: verdana, 'arial sans-serif'; \">Gazeta do Povo<\/div>\n","protected":false},"excerpt":{"rendered":"<p>Come\u00e7a \u00e0 meia-noite de hoje as inscri\u00e7\u00f5es para o Programa Universidade Para Todos (ProUni), do governo federal. O programa, criado pelo Minist\u00e9rio da Educa\u00e7\u00e3o em 2004, oferece bolsas de estudo integrais ou parciais em institui\u00e7\u00f5es privadas de ensino superior. Este ano est\u00e3o sendo ofertadas 195.030 bolsas, das quais 98.728 s\u00e3o integrais e outras 96.302 parciais, de 50% da mensalidade. No Paran\u00e1, 52 institui\u00e7\u00f5es participam do programa, oferecendo vagas em 112 cidades.<\/p>\n","protected":false},"author":1,"featured_media":26199,"comment_status":"open","ping_status":"open","sticky":false,"template":"","format":"standard","meta":{"footnotes":""},"categories":[1],"tags":[5808],"class_list":["post-26200","post","type-post","status-publish","format-standard","has-post-thumbnail","hentry","category-noticias-zeca-dirceu","tag-inscricoes-para-o-prouni-comecam-a-meia-noite-de-hoje"],"_links":{"self":[{"href":"https:\/\/teste.bsb.br\/zeca\/wp-json\/wp\/v2\/posts\/26200","targetHints":{"allow":["GET"]}}],"collection":[{"href":"https:\/\/teste.bsb.br\/zeca\/wp-json\/wp\/v2\/posts"}],"about":[{"href":"https:\/\/teste.bsb.br\/zeca\/wp-json\/wp\/v2\/types\/post"}],"author":[{"embeddable":true,"href":"https:\/\/teste.bsb.br\/zeca\/wp-json\/wp\/v2\/users\/1"}],"replies":[{"embeddable":true,"href":"https:\/\/teste.bsb.br\/zeca\/wp-json\/wp\/v2\/comments?post=26200"}],"version-history":[{"count":0,"href":"https:\/\/teste.bsb.br\/zeca\/wp-json\/wp\/v2\/posts\/26200\/revisions"}],"wp:featuredmedia":[{"embeddable":true,"href":"https:\/\/teste.bsb.br\/zeca\/wp-json\/wp\/v2\/media\/26199"}],"wp:attachment":[{"href":"https:\/\/teste.bsb.br\/zeca\/wp-json\/wp\/v2\/media?parent=26200"}],"wp:term":[{"taxonomy":"category","embeddable":true,"href":"https:\/\/teste.bsb.br\/zeca\/wp-json\/wp\/v2\/categories?post=26200"},{"taxonomy":"post_tag","embeddable":true,"href":"https:\/\/teste.bsb.br\/zeca\/wp-json\/wp\/v2\/tags?post=26200"}],"curies":[{"name":"wp","href":"https:\/\/api.w.org\/{rel}","templated":true}]}}