{"id":26198,"date":"2012-01-14T00:00:00","date_gmt":"2012-01-14T02:00:00","guid":{"rendered":"https:\/\/www.zecadirceu.com.br\/governo-federal-anuncia-medidas-para-socorrer-o-sul-do-brasil\/"},"modified":"2012-01-14T00:00:00","modified_gmt":"2012-01-14T02:00:00","slug":"governo-federal-anuncia-medidas-para-socorrer-o-sul-do-brasil","status":"publish","type":"post","link":"https:\/\/teste.bsb.br\/zeca\/governo-federal-anuncia-medidas-para-socorrer-o-sul-do-brasil\/","title":{"rendered":"Governo Federal anuncia medidas para socorrer o Sul do Brasil"},"content":{"rendered":"<p>&nbsp;<span style=\"font-size: medium; font-family: Calibri, sans-serif; background-color: rgba(255, 255, 255, 0.917969); color: rgb(34, 34, 34); text-align: justify; \">O Governo Federal anunciou nesta quinta-feira (12\/01) v&aacute;rias medidas para ajudar os munic&iacute;pios da regi&atilde;o Sul do pa&iacute;s atingidos pela seca. S&atilde;o R$ 10 milh&otilde;es a disposi&ccedil;&atilde;o de cada Estado para atender rapidamente os munic&iacute;pios em situa&ccedil;&atilde;o de emerg&ecirc;ncia.<\/span><\/p>\n<p style=\"color: rgb(34, 34, 34); font-family: arial, sans-serif; font-size: 13px; background-color: rgba(255, 255, 255, 0.917969); text-align: justify; margin-top: 0cm; margin-right: 0cm; margin-bottom: 0pt; margin-left: 0cm; \"><span style=\"font-family: Calibri, sans-serif; \"><font size=\"3\">&nbsp;<\/font><\/span><\/p>\n<p style=\"color: rgb(34, 34, 34); font-family: arial, sans-serif; font-size: 13px; background-color: rgba(255, 255, 255, 0.917969); text-align: justify; margin-top: 0cm; margin-right: 0cm; margin-bottom: 0pt; margin-left: 0cm; \"><span style=\"font-family: Calibri, sans-serif; \"><font size=\"3\"><b>Na segunda-feira (16\/01) prefeitos do Sudoeste e Oeste do Paran&aacute; ser&atilde;o recebidos, a pedido, na Casa Civil para apresentar reivindica&ccedil;&otilde;es.<\/b><\/font><\/span><\/p>\n<p style=\"color: rgb(34, 34, 34); font-family: arial, sans-serif; font-size: 13px; background-color: rgba(255, 255, 255, 0.917969); text-align: justify; margin-top: 0cm; margin-right: 0cm; margin-bottom: 0pt; margin-left: 0cm; \"><span style=\"font-family: Calibri, sans-serif; \"><font size=\"3\">&nbsp;<\/font><\/span><\/p>\n<p style=\"color: rgb(34, 34, 34); font-family: arial, sans-serif; font-size: 13px; background-color: rgba(255, 255, 255, 0.917969); text-align: justify; margin-top: 0cm; margin-right: 0cm; margin-bottom: 0pt; margin-left: 0cm; \"><span style=\"font-family: Calibri, sans-serif; \"><font size=\"3\">&ldquo;O Governo Federal j&aacute; tem desenvolvido, para amparar o produtor, medidas preventivas como o Seguro da Agricultura Familiar, o Proagro e o Subs&iacute;dio ao Seguro Rural&rdquo;, afirmou Gleisi Hoffmann, ministra-chefe da Casa Civil. &ldquo;Com isso mais de 85% dos agricultores da Regi&atilde;o Sul est&atilde;o protegidos pelo seguro agr&iacute;cola, que inclui o Banco do Brasil e institui&ccedil;&otilde;es privadas. Isso d&aacute; mais tranq&uuml;ilidade ao produtor&rdquo;, complementou.<\/font><\/span><\/p>\n<p style=\"color: rgb(34, 34, 34); font-family: arial, sans-serif; font-size: 13px; background-color: rgba(255, 255, 255, 0.917969); text-align: justify; margin-top: 0cm; margin-right: 0cm; margin-bottom: 0pt; margin-left: 0cm; \"><span style=\"font-family: Calibri, sans-serif; \"><font size=\"3\">&nbsp;<\/font><\/span><\/p>\n<p style=\"color: rgb(34, 34, 34); font-family: arial, sans-serif; font-size: 13px; background-color: rgba(255, 255, 255, 0.917969); text-align: justify; margin-top: 0cm; margin-right: 0cm; margin-bottom: 0pt; margin-left: 0.75pt; \"><b><span style=\"font-family: Calibri, sans-serif; \"><font size=\"3\">Veja os detalhes das medidas:<\/font><\/span><\/b><\/p>\n<p style=\"color: rgb(34, 34, 34); font-family: arial, sans-serif; font-size: 13px; background-color: rgba(255, 255, 255, 0.917969); text-align: justify; margin-top: 0cm; margin-right: 0cm; margin-bottom: 0pt; margin-left: 0.75pt; \"><span style=\"font-family: Calibri, sans-serif; \"><font size=\"3\">&nbsp;<\/font><\/span><\/p>\n<p style=\"color: rgb(34, 34, 34); font-family: arial, sans-serif; font-size: 13px; background-color: rgba(255, 255, 255, 0.917969); text-align: justify; margin-top: 0cm; margin-right: 0cm; margin-bottom: 0pt; margin-left: 0.75pt; \"><font size=\"3\"><span style=\"font-family: Calibri, sans-serif; \">Para os produtores rurais situados nos munic&iacute;pios que decretaram situa&ccedil;&atilde;o de emerg&ecirc;ncia ou calamidade p&uacute;blica reconhecida pelo governo em decorr&ecirc;ncia da estiagem, cuja renda de milho, soja e feij&atilde;o seria utilizada para pagar o cr&eacute;dito rural, ser&atilde;o postergadas para 31\/07\/2012 as parcelas com vencimento entre 01\/01\/2012 at&eacute; 30\/06\/2012 de opera&ccedil;&otilde;es de custeio prorrogados de safras anteriores, de cr&eacute;ditos de investimento e de custeio da safra 2011\/2012.<\/span><\/font><\/p>\n<p style=\"color: rgb(34, 34, 34); font-family: arial, sans-serif; font-size: 13px; background-color: rgba(255, 255, 255, 0.917969); text-align: justify; margin-top: 0cm; margin-right: 0cm; margin-bottom: 0pt; margin-left: 0.75pt; \"><font face=\"Times New Roman\" size=\"3\">&nbsp;<\/font><\/p>\n<p class=\"MsoNormal\" style=\"margin-top: 0cm; margin-right: 0cm; margin-bottom: 0pt; margin-left: 0cm; color: rgb(34, 34, 34); font-family: arial, sans-serif; font-size: 13px; background-color: rgba(255, 255, 255, 0.917969); text-align: justify; \"><font size=\"3\"><span style=\"font-family: Calibri, sans-serif; \">Para as opera&ccedil;&otilde;es com seguro agr&iacute;cola, o novo prazo permitir&aacute; a elabora&ccedil;&atilde;o dos laudos de perdas, permitindo a cobertura do seguro. Para opera&ccedil;&otilde;es sem seguro agr&iacute;cola, o prazo permitir&aacute; a elabora&ccedil;&atilde;o de laudos t&eacute;cnicos necess&aacute;rios para renegocia&ccedil;&atilde;o de d&iacute;vidas de produtores que tiveram perdas superiores a 30%, nas seguintes condi&ccedil;&otilde;es:<\/span><\/font><\/p>\n<p class=\"MsoNormal\" style=\"margin-top: 0cm; margin-right: 0cm; margin-bottom: 0pt; margin-left: 0cm; color: rgb(34, 34, 34); font-family: arial, sans-serif; font-size: 13px; background-color: rgba(255, 255, 255, 0.917969); text-align: justify; \"><span style=\"font-family: Calibri, sans-serif; \"><font size=\"3\">&nbsp;<\/font><\/span><\/p>\n<p class=\"MsoNormal\" style=\"margin-top: 0cm; margin-right: 0cm; margin-bottom: 0pt; margin-left: 0cm; color: rgb(34, 34, 34); font-family: arial, sans-serif; font-size: 13px; background-color: rgba(255, 255, 255, 0.917969); text-align: justify; text-indent: 35.4pt; \"><span style=\"font-family: Calibri, sans-serif; \"><font size=\"3\">&#8211; prorrogar para um ano ap&oacute;s a &uacute;ltima parcela prevista no contrato, as parcelas com vencimento em 2012 de opera&ccedil;&otilde;es de custeios j&aacute; prorrogados em safras anteriores e de cr&eacute;ditos de investimento;<\/font><\/span><\/p>\n<p class=\"MsoNormal\" style=\"margin-top: 0cm; margin-right: 0cm; margin-bottom: 0pt; margin-left: 0cm; color: rgb(34, 34, 34); font-family: arial, sans-serif; font-size: 13px; background-color: rgba(255, 255, 255, 0.917969); text-align: justify; text-indent: 35.4pt; \"><span style=\"font-family: Calibri, sans-serif; \"><font size=\"3\">&nbsp;<\/font><\/span><\/p>\n<p class=\"MsoNormal\" style=\"margin-top: 0cm; margin-right: 0cm; margin-bottom: 0pt; margin-left: 0cm; color: rgb(34, 34, 34); font-family: arial, sans-serif; font-size: 13px; background-color: rgba(255, 255, 255, 0.917969); text-align: justify; text-indent: 35.4pt; \"><span style=\"font-family: Calibri, sans-serif; \"><font size=\"3\">&#8211; renegociar as opera&ccedil;&otilde;es de cr&eacute;dito de custeio da safra 2011\/2012 por at&eacute; cinco anos, sendo que o prazo ser&aacute; definido em fun&ccedil;&atilde;o do percentual de perdas efetivas apresentadas por cada produtor.<\/font><\/span><\/p>\n<p class=\"MsoNormal\" style=\"margin-top: 0cm; margin-right: 0cm; margin-bottom: 0pt; margin-left: 0cm; color: rgb(34, 34, 34); font-family: arial, sans-serif; font-size: 13px; background-color: rgba(255, 255, 255, 0.917969); text-align: justify; text-indent: 35.4pt; \"><span style=\"font-family: Calibri, sans-serif; \"><font size=\"3\">&nbsp;<\/font><\/span><\/p>\n<p class=\"MsoNormal\" style=\"margin-top: 0cm; margin-right: 0cm; margin-bottom: 0pt; margin-left: 0cm; color: rgb(34, 34, 34); font-family: arial, sans-serif; font-size: 13px; background-color: rgba(255, 255, 255, 0.917969); text-align: justify; \"><font size=\"3\"><span style=\"font-family: Calibri, sans-serif; \">Para opera&ccedil;&otilde;es de cr&eacute;dito rural de atividades n&atilde;o seguradas que tiveram perdas elevadas em decorr&ecirc;ncia da estiagem e que estejam em munic&iacute;pios que n&atilde;o decretaram estado de emerg&ecirc;ncia ou calamidade, ou que produzam outras atividades al&eacute;m de milho, soja e feij&atilde;o, a norma vigente do Conselho Monet&aacute;rio Nacional (CMN) j&aacute; autoriza, a crit&eacute;rio das institui&ccedil;&otilde;es financeiras, e com analise caso a caso, a renegocia&ccedil;&atilde;o de opera&ccedil;&otilde;es de cr&eacute;dito de custeio em at&eacute; cinco anos e prorroga&ccedil;&atilde;o da parcela de investimento para um ano ap&oacute;s o vencimento do contrato atual.<\/span><\/font><\/p>\n<p class=\"MsoNormal\" style=\"margin-top: 0cm; margin-right: 0cm; margin-bottom: 0pt; margin-left: 0cm; color: rgb(34, 34, 34); font-family: arial, sans-serif; font-size: 13px; background-color: rgba(255, 255, 255, 0.917969); text-align: justify; \"><span style=\"font-family: Calibri, sans-serif; \"><font size=\"3\">&nbsp;<\/font><\/span><\/p>\n<p style=\"color: rgb(34, 34, 34); font-family: arial, sans-serif; font-size: 13px; background-color: rgba(255, 255, 255, 0.917969); text-align: justify; margin-top: 0cm; margin-right: 0cm; margin-bottom: 0pt; margin-left: 0cm; \"><span style=\"font-family: Calibri, sans-serif; \"><font size=\"3\">Os governos estaduais, por meio de suas empresas de assist&ecirc;ncia t&eacute;cnica rural (EMATERs), est&atilde;o priorizando a realiza&ccedil;&atilde;o os laudos periciais de perdas de produ&ccedil;&atilde;o agr&iacute;cola segurada para agilizar o pagamento do seguro.<\/font><\/span><\/p>\n<p class=\"MsoNormal\" style=\"margin-top: 0cm; margin-right: 0cm; margin-bottom: 0pt; margin-left: 0cm; color: rgb(34, 34, 34); font-family: arial, sans-serif; font-size: 13px; background-color: rgba(255, 255, 255, 0.917969); text-align: justify; \"><font face=\"Times New Roman\" size=\"3\">&nbsp;<\/font><\/p>\n<p class=\"MsoNormal\" style=\"margin-top: 0cm; margin-right: 0cm; margin-bottom: 0pt; margin-left: 0cm; color: rgb(34, 34, 34); font-family: arial, sans-serif; font-size: 13px; background-color: rgba(255, 255, 255, 0.917969); text-align: justify; \"><b><span style=\"font-family: Calibri, sans-serif; \"><font size=\"3\">Linha de cr&eacute;dito especial<\/font><\/span><\/b><\/p>\n<p class=\"MsoNormal\" style=\"margin-top: 0cm; margin-right: 0cm; margin-bottom: 0pt; margin-left: 0cm; color: rgb(34, 34, 34); font-family: arial, sans-serif; font-size: 13px; background-color: rgba(255, 255, 255, 0.917969); text-align: justify; \"><span style=\"font-family: Calibri, sans-serif; \"><font size=\"3\">Como parte das medidas, o governo est&aacute; criando uma linha de cr&eacute;dito de R$ 200 milh&otilde;es para as cooperativas refinanciarem as d&iacute;vidas de produtores rurais situados nos munic&iacute;pios que decretarem situa&ccedil;&atilde;o de emerg&ecirc;ncia ou calamidade p&uacute;blica reconhecida pelo governo federal em decorr&ecirc;ncia da estiagem, cuja renda de milho, soja e feij&atilde;o seria utilizada para pagar os insumos. Os recursos ser&atilde;o remanejados do&nbsp;<\/font><a name=\"134d89a8245adcca_134d741d9aff74fa_salto\" style=\"color: rgb(17, 85, 204); \"><font size=\"3\">Programa de Desenvolvimento Cooperativo para Agrega&ccedil;&atilde;o de Valor &agrave; Produ&ccedil;&atilde;o Agropecu&aacute;ria (Prodecoop)<\/font><\/a><font size=\"3\">. O cr&eacute;dito ter&aacute; prazo de at&eacute; cinco anos, com taxas de juros de 6,75% ao ano.<\/font><\/span><\/p>\n<p style=\"color: rgb(34, 34, 34); font-family: arial, sans-serif; font-size: 13px; background-color: rgba(255, 255, 255, 0.917969); text-align: justify; margin-top: 0cm; margin-right: 0cm; margin-bottom: 0pt; margin-left: 27pt; \"><font face=\"Times New Roman\" size=\"3\">&nbsp;<\/font><\/p>\n<p style=\"color: rgb(34, 34, 34); font-family: arial, sans-serif; font-size: 13px; background-color: rgba(255, 255, 255, 0.917969); text-align: justify; margin-top: 0cm; margin-right: 0cm; margin-bottom: 0pt; margin-left: 0cm; \"><span style=\"font-family: Calibri, sans-serif; \"><font size=\"3\">O governo, em conjunto com os governos estaduais, tamb&eacute;m ir&aacute; desenvolver um programa destinado a constru&ccedil;&atilde;o de a&ccedil;udes, mini-a&ccedil;udes e reservat&oacute;rios de &aacute;gua (cisternas) destinados a suprir &aacute;gua para a cria&ccedil;&atilde;o animal e para projetos de irriga&ccedil;&atilde;o nas propriedades rurais. O programa contar&aacute; com a participa&ccedil;&atilde;o dos minist&eacute;rios da agricultura e do desenvolvimento agr&aacute;rio, e disponibilizar&aacute; linhas de cr&eacute;dito para financiar a aquisi&ccedil;&atilde;o de equipamentos de irriga&ccedil;&atilde;o e armazenamento de &aacute;gua pelos produtores familiares e empresariais. Os recursos para a constru&ccedil;&atilde;o dos a&ccedil;udes dever&atilde;o ser oriundos dos governos estaduais, com a participa&ccedil;&atilde;o do governo federal para o custeio de parte das despesas com o pagamento de horas\/m&aacute;quinas.<\/font><\/span><\/p>\n<p style=\"color: rgb(34, 34, 34); font-family: arial, sans-serif; font-size: 13px; background-color: rgba(255, 255, 255, 0.917969); text-align: justify; margin-top: 0cm; margin-right: 0cm; margin-bottom: 0pt; margin-left: 0cm; \"><span style=\"font-family: Calibri, sans-serif; \"><font size=\"3\">&nbsp;<\/font><\/span><\/p>\n<p style=\"color: rgb(34, 34, 34); font-family: arial, sans-serif; font-size: 13px; background-color: rgba(255, 255, 255, 0.917969); text-align: justify; margin-top: 0cm; margin-right: 0cm; margin-bottom: 0pt; margin-left: 0cm; \"><span style=\"font-family: Calibri, sans-serif; \"><font size=\"3\">O Minist&eacute;rio da Integra&ccedil;&atilde;o Nacional colocou &agrave; disposi&ccedil;&atilde;o dos tr&ecirc;s Estados do Sul R$ 10 milh&otilde;es para essas atividades a car&aacute;ter emergencial. O Rio Grande do Sul tamb&eacute;m poder&aacute; utilizar os R$ 18 milh&otilde;es repassados em 2011 para a&ccedil;&otilde;es de assist&ecirc;ncia &agrave; popula&ccedil;&atilde;o das &aacute;reas atingidas.<\/font><\/span><\/p>\n<p style=\"color: rgb(34, 34, 34); font-family: arial, sans-serif; font-size: 13px; background-color: rgba(255, 255, 255, 0.917969); text-align: justify; margin-top: 0cm; margin-right: 0cm; margin-bottom: 0pt; margin-left: 0cm; \"><span style=\"font-family: Calibri, sans-serif; \"><font size=\"3\">&nbsp;<\/font><\/span><\/p>\n<p style=\"color: rgb(34, 34, 34); font-family: arial, sans-serif; font-size: 13px; background-color: rgba(255, 255, 255, 0.917969); text-align: justify; margin-top: 0cm; margin-right: 0cm; margin-bottom: 0pt; margin-left: 0cm; \"><b><span style=\"font-family: Calibri, sans-serif; \"><font size=\"3\">Centro de Monitoramento Integrado<\/font><\/span><\/b><\/p>\n<p style=\"color: rgb(34, 34, 34); font-family: arial, sans-serif; font-size: 13px; background-color: rgba(255, 255, 255, 0.917969); text-align: justify; margin-top: 0cm; margin-right: 0cm; margin-bottom: 0pt; margin-left: 0cm; \"><font size=\"3\"><span style=\"font-family: Calibri, sans-serif; \">O governo anunciou ainda a institui&ccedil;&atilde;o do&nbsp;<\/span><span style=\"font-family: Calibri, sans-serif; \">Centro de Monitoramento M&oacute;vel de Preven&ccedil;&atilde;o a Desastres para a regi&atilde;o Sul, atendendo o Rio Grande do Sul, Paran&aacute; e Santa Catarina, com composi&ccedil;&atilde;o dos Minist&eacute;rios da Integra&ccedil;&atilde;o, Agricultura, Desenvolvimento Social, da Ag&ecirc;ncia Nacional de &Aacute;guas e do Centro Nacional de Monitoramento e Alertas de Desastres Naturais (CEMADEM), al&eacute;m de representantes dos governos estaduais.<\/span><\/font><\/p>\n<div class=\"yj6qo ajU\" style=\"cursor: pointer; outline-style: none; outline-width: initial; outline-color: initial; padding-top: 10px; padding-right: 0px; padding-bottom: 10px; padding-left: 0px; width: 22px; margin-top: 2px; margin-right: 0px; margin-bottom: 0px; margin-left: 0px; color: rgb(34, 34, 34); font-family: arial, sans-serif; font-size: 13px; background-color: rgba(255, 255, 255, 0.917969); \">Assessoria<\/div>\n","protected":false},"excerpt":{"rendered":"<p>O Governo Federal anunciou nesta quinta-feira (12\/01) v\u00e1rias medidas para ajudar os munic\u00edpios da regi\u00e3o Sul do pa\u00eds atingidos pela seca. S\u00e3o R$ 10 milh\u00f5es a disposi\u00e7\u00e3o de cada Estado para atender rapidamente os munic\u00edpios em situa\u00e7\u00e3o de emerg\u00eancia.  Na segunda-feira (16\/01) prefeitos do Sudoeste e Oeste do Paran\u00e1 ser\u00e3o recebidos, a pedido, na Casa Civil para apresentar reivindica\u00e7\u00f5es.<\/p>\n","protected":false},"author":1,"featured_media":26197,"comment_status":"open","ping_status":"open","sticky":false,"template":"","format":"standard","meta":{"footnotes":""},"categories":[1],"tags":[5807],"class_list":["post-26198","post","type-post","status-publish","format-standard","has-post-thumbnail","hentry","category-noticias-zeca-dirceu","tag-governo-federal-anuncia-medidas-para-socorrer-o-sul-do-brasil"],"_links":{"self":[{"href":"https:\/\/teste.bsb.br\/zeca\/wp-json\/wp\/v2\/posts\/26198","targetHints":{"allow":["GET"]}}],"collection":[{"href":"https:\/\/teste.bsb.br\/zeca\/wp-json\/wp\/v2\/posts"}],"about":[{"href":"https:\/\/teste.bsb.br\/zeca\/wp-json\/wp\/v2\/types\/post"}],"author":[{"embeddable":true,"href":"https:\/\/teste.bsb.br\/zeca\/wp-json\/wp\/v2\/users\/1"}],"replies":[{"embeddable":true,"href":"https:\/\/teste.bsb.br\/zeca\/wp-json\/wp\/v2\/comments?post=26198"}],"version-history":[{"count":0,"href":"https:\/\/teste.bsb.br\/zeca\/wp-json\/wp\/v2\/posts\/26198\/revisions"}],"wp:featuredmedia":[{"embeddable":true,"href":"https:\/\/teste.bsb.br\/zeca\/wp-json\/wp\/v2\/media\/26197"}],"wp:attachment":[{"href":"https:\/\/teste.bsb.br\/zeca\/wp-json\/wp\/v2\/media?parent=26198"}],"wp:term":[{"taxonomy":"category","embeddable":true,"href":"https:\/\/teste.bsb.br\/zeca\/wp-json\/wp\/v2\/categories?post=26198"},{"taxonomy":"post_tag","embeddable":true,"href":"https:\/\/teste.bsb.br\/zeca\/wp-json\/wp\/v2\/tags?post=26198"}],"curies":[{"name":"wp","href":"https:\/\/api.w.org\/{rel}","templated":true}]}}