{"id":26192,"date":"2012-01-14T00:00:00","date_gmt":"2012-01-14T02:00:00","guid":{"rendered":"https:\/\/www.zecadirceu.com.br\/pr-e-o-estado-com-maior-volume-de-empregos-na-industria\/"},"modified":"2012-01-14T00:00:00","modified_gmt":"2012-01-14T02:00:00","slug":"pr-e-o-estado-com-maior-volume-de-empregos-na-industria","status":"publish","type":"post","link":"https:\/\/teste.bsb.br\/zeca\/pr-e-o-estado-com-maior-volume-de-empregos-na-industria\/","title":{"rendered":"PR \u00e9 o estado com maior volume de empregos na ind\u00fastria"},"content":{"rendered":"<p>&nbsp;<span style=\"color: rgb(48, 47, 47); font-family: 'Trebuchet MS', arial; font-size: 13px; line-height: 20px; \">De acordo com pesquisa divulgada nesta sexta-feira (13) pelo Instituto Brasileiro de Geografia e Estat&iacute;stica (IBGE), o Paran&aacute; ficou em primeiro lugar em volume de emprego gerado nas ind&uacute;strias. Entre janeiro e novembro de 2011, o emprego, a massa de sal&aacute;rios reais (folha de pagamento total, descontada a infla&ccedil;&atilde;o) e as horas pagas cresceram 5,5%, 9,2% e 3,0% em rela&ccedil;&atilde;o ao mesmo per&iacute;odo de 2010. Os n&uacute;meros relativos ao Brasil foram 1,1%, 4,3% e 0,6%, respectivamente.&nbsp;<\/span><br style=\"color: rgb(48, 47, 47); font-family: 'Trebuchet MS', arial; font-size: 13px; line-height: 20px; \" \/><br \/>\n<br style=\"color: rgb(48, 47, 47); font-family: 'Trebuchet MS', arial; font-size: 13px; line-height: 20px; \" \/><br \/>\n<span style=\"color: rgb(48, 47, 47); font-family: 'Trebuchet MS', arial; font-size: 13px; line-height: 20px; \">O Paran&aacute; tamb&eacute;m registrou a lideran&ccedil;a entre os estados brasileiros em contingente ocupado, figurou no segundo posto em horas trabalhadas, perdendo apenas para Pernambuco (5,5%) e ficou em terceiro lugar na varia&ccedil;&atilde;o da folha de pagamento. Em novembro, o volume de pessoas ocupadas no Estado aumentou 5,3%, contra queda de 0,5% no Pa&iacute;s. &ldquo;Os dados comprovam o forte aquecimento do mercado de trabalho do parque industrial paranaense no ano passado&rdquo;, avalia Gilmar Mendes Louren&ccedil;o, diretor presidente do Instituto Paranaense de Desenvolvimento Econ&ocirc;mico e Social (Ipardes).&nbsp;<\/span><br style=\"color: rgb(48, 47, 47); font-family: 'Trebuchet MS', arial; font-size: 13px; line-height: 20px; \" \/><br \/>\n<br style=\"color: rgb(48, 47, 47); font-family: 'Trebuchet MS', arial; font-size: 13px; line-height: 20px; \" \/><br \/>\n<span style=\"color: rgb(48, 47, 47); font-family: 'Trebuchet MS', arial; font-size: 13px; line-height: 20px; \">No caso paranaense, os setores que mais contribu&iacute;ram para puxar as estat&iacute;sticas de ocupa&ccedil;&otilde;es e rendimentos, segundo Louren&ccedil;o, foram os m&aacute;quinas e materiais el&eacute;tricos e de comunica&ccedil;&otilde;es, alimentos e bebidas, meios de transporte, metalurgia e produtos de metal. &ldquo;Isso &eacute; reflexo da vitalidade dos principais vetores da economia regional, especificamente agroneg&oacute;cio, constru&ccedil;&atilde;o civil e parque automotivo&rdquo;, disse.<\/p>\n<p><\/span><\/p>\n<div id=\"toponotdata\" style=\"margin-top: 15px; font-family: 'Trebuchet MS'; font-size: 11px; color: rgb(132, 132, 132); \"><strong>&nbsp; Reda&ccedil;&atilde;o Bem Paran&aacute; com AEN<\/strong><\/div>\n<p><br class=\"Apple-interchange-newline\" \/><\/p>\n","protected":false},"excerpt":{"rendered":"<p>De acordo com pesquisa divulgada nesta sexta-feira (13) pelo Instituto Brasileiro de Geografia e Estat\u00edstica (IBGE), o Paran\u00e1 ficou em primeiro lugar em volume de emprego gerado nas ind\u00fastrias. Entre janeiro e novembro de 2011, o emprego, a massa de sal\u00e1rios reais (folha de pagamento total, descontada a infla\u00e7\u00e3o) e as horas pagas cresceram 5,5%, 9,2% e 3,0% em rela\u00e7\u00e3o ao mesmo per\u00edodo de 2010. Os n\u00fameros relativos ao Brasil foram 1,1%, 4,3% e 0,6%, respectivamente.<\/p>\n","protected":false},"author":1,"featured_media":26191,"comment_status":"open","ping_status":"open","sticky":false,"template":"","format":"standard","meta":{"footnotes":""},"categories":[1],"tags":[5804],"class_list":["post-26192","post","type-post","status-publish","format-standard","has-post-thumbnail","hentry","category-noticias-zeca-dirceu","tag-pr-e-o-estado-com-maior-volume-de-empregos-na-industria"],"_links":{"self":[{"href":"https:\/\/teste.bsb.br\/zeca\/wp-json\/wp\/v2\/posts\/26192","targetHints":{"allow":["GET"]}}],"collection":[{"href":"https:\/\/teste.bsb.br\/zeca\/wp-json\/wp\/v2\/posts"}],"about":[{"href":"https:\/\/teste.bsb.br\/zeca\/wp-json\/wp\/v2\/types\/post"}],"author":[{"embeddable":true,"href":"https:\/\/teste.bsb.br\/zeca\/wp-json\/wp\/v2\/users\/1"}],"replies":[{"embeddable":true,"href":"https:\/\/teste.bsb.br\/zeca\/wp-json\/wp\/v2\/comments?post=26192"}],"version-history":[{"count":0,"href":"https:\/\/teste.bsb.br\/zeca\/wp-json\/wp\/v2\/posts\/26192\/revisions"}],"wp:featuredmedia":[{"embeddable":true,"href":"https:\/\/teste.bsb.br\/zeca\/wp-json\/wp\/v2\/media\/26191"}],"wp:attachment":[{"href":"https:\/\/teste.bsb.br\/zeca\/wp-json\/wp\/v2\/media?parent=26192"}],"wp:term":[{"taxonomy":"category","embeddable":true,"href":"https:\/\/teste.bsb.br\/zeca\/wp-json\/wp\/v2\/categories?post=26192"},{"taxonomy":"post_tag","embeddable":true,"href":"https:\/\/teste.bsb.br\/zeca\/wp-json\/wp\/v2\/tags?post=26192"}],"curies":[{"name":"wp","href":"https:\/\/api.w.org\/{rel}","templated":true}]}}