{"id":26188,"date":"2012-01-16T00:00:00","date_gmt":"2012-01-16T02:00:00","guid":{"rendered":"https:\/\/www.zecadirceu.com.br\/adiada-varias-vezes-reforma-politica-volta-a-pauta-em-fevereiro\/"},"modified":"2012-01-16T00:00:00","modified_gmt":"2012-01-16T02:00:00","slug":"adiada-varias-vezes-reforma-politica-volta-a-pauta-em-fevereiro","status":"publish","type":"post","link":"https:\/\/teste.bsb.br\/zeca\/adiada-varias-vezes-reforma-politica-volta-a-pauta-em-fevereiro\/","title":{"rendered":"Adiada v\u00e1rias vezes, reforma pol\u00edtica volta \u00e0 pauta em fevereiro"},"content":{"rendered":"<div>A falta de consenso em torno do financiamento p&uacute;blico exclusivo de campanha e de mudan&ccedil;as no sistema eleitoral impediram a vota&ccedil;&atilde;o do relat&oacute;rio final da Comiss&atilde;o Especial da Reforma Pol&iacute;tica em 2011. Com o impasse, o relator e o presidente do colegiado, deputados Henrique Fontana (PT-RS) e Almeida Lima (PPS-SE), esperam come&ccedil;ar a votar o texto em fevereiro pr&oacute;ximo.<\/div>\n<div>&nbsp;<\/div>\n<div>Instalada no in&iacute;cio de mar&ccedil;o, com uma pauta de discuss&atilde;o que inclu&iacute;a 20 itens e dividindo o foco com uma comiss&atilde;o semelhante que funcionava no Senado (j&aacute; encerrada sem a aprova&ccedil;&atilde;o de um relat&oacute;rio), a comiss&atilde;o da C&acirc;mara nunca trabalhou para dar resultado no curto prazo.<\/div>\n<div>&nbsp;<\/div>\n<div>&ldquo;Desde que ficou definido que as mudan&ccedil;as n&atilde;o valeriam para as elei&ccedil;&otilde;es de 2012, perdeu-se o sentido de pressa. Optamos por fazer um trabalho mais amplo e profundo para vigorar a partir de 2014&rdquo;, declarou o deputado Almeida Lima, presidente do colegiado.<\/div>\n<div>&nbsp;<\/div>\n<div>Para tentar popularizar o tema e ouvir a sociedade, a comiss&atilde;o realizou confer&ecirc;ncias regionais em Goi&acirc;nia (GO), Porto Alegre (RS), Aracaju (SE), Jo&atilde;o Pessoa (PB), Florian&oacute;polis (SC), Belo Horizonte (MG), Curitiba (PR), Salvador (BA), Vit&oacute;ria (ES), Rio de Janeiro (RJ), S&atilde;o Paulo (SP) e Campo Grande (MS).<\/div>\n<div>&nbsp;<\/div>\n<div>&ldquo;O relat&oacute;rio n&atilde;o deveria ter sido votado mesmo n&atilde;o, ele precisa ser mais discutido com os partidos, com a pr&oacute;pria sociedade, que apresenta alternativas&rdquo;, reiterou Almeida Lima.<\/div>\n<div>&nbsp;<\/div>\n<div>O relator, no entanto, tem opini&atilde;o diferente. &ldquo;L&oacute;gico que a frustra&ccedil;&atilde;o de n&atilde;o votar &#91;o relat&oacute;rio] sempre &eacute; grande, porque considero um preju&iacute;zo muito grande para o Brasil manter o sistema pol&iacute;tico atual&rdquo;, declarou Fontana. &ldquo;Tem um custo pol&iacute;tico e institucional muito grande, no custo das campanhas e no tipo de governabilidade que se estabelece&rdquo;, acrescentou.<\/div>\n<div><strong><br \/>\n<\/strong><\/div>\n<div><strong>Tr&ecirc;s vers&otilde;es<\/strong><\/div>\n<div>Ao longo de 2011, foram apresentados tr&ecirc;s relat&oacute;rios. Segundo a &uacute;ltima vers&atilde;o, o n&uacute;mero de vagas obtido pelos partidos ser&aacute; determinado por meio do sistema das maiores m&eacute;dias, a chamada F&oacute;rmula D&#8217;Hondt (adotada em pa&iacute;ses como B&eacute;lgica, &Aacute;ustria, Dinamarca e Noruega).<\/div>\n<div>&nbsp;<\/div>\n<div>Por essa f&oacute;rmula, o partido que recebe a maior quantidade de votos garante a primeira cadeira na C&acirc;mara e tem sua quantidade de votos dividida por dois. A pr&oacute;xima cadeira &eacute; distribu&iacute;da &agrave; legenda que estiver com a maior quantidade de votos no momento.<\/div>\n<div>&nbsp;<\/div>\n<div>Se a vaga for preenchida pelo mesmo partido que ocupou a primeira cadeira, a legenda tem novamente seu total de votos dividido, agora por tr&ecirc;s. Se a vaga for ocupada por outro partido, ele tem seus votos divididos por dois para a escolha da terceira cadeira.<\/div>\n<div>&nbsp;<\/div>\n<div>Assim, sucessivamente, o c&aacute;lculo &eacute; feito at&eacute; a conclus&atilde;o da quantidade de vagas daquela unidade federativa na C&acirc;mara. &ldquo;&Eacute; um sistema que democratiza mais, porque os partidos que n&atilde;o atingem o quociente eleitoral tamb&eacute;m podem ocupar uma vaga na C&acirc;mara&rdquo;, disse Henrique Fontana.<\/div>\n<div>&nbsp;<\/div>\n<div>O relat&oacute;rio tamb&eacute;m prev&ecirc; que o eleitor vote apenas uma vez para deputado &ndash; em vers&atilde;o anterior, eram duas &ndash;, podendo optar por um nome ou um partido de sua prefer&ecirc;ncia.<\/p>\n<p>\nFonte: Portal da C&acirc;mara Federal<\/div>\n","protected":false},"excerpt":{"rendered":"<p>A falta de consenso em torno do financiamento p\u00fablico exclusivo de campanha e de mudan\u00e7as no sistema eleitoral impediram a vota\u00e7\u00e3o do relat\u00f3rio final da Comiss\u00e3o Especial da Reforma Pol\u00edtica em 2011. Com o impasse, o relator e o presidente do colegiado, deputados Henrique Fontana (PT-RS) e Almeida Lima (PPS-SE), esperam come\u00e7ar a votar o texto em fevereiro pr\u00f3ximo.<\/p>\n","protected":false},"author":1,"featured_media":26187,"comment_status":"open","ping_status":"open","sticky":false,"template":"","format":"standard","meta":{"footnotes":""},"categories":[1],"tags":[5803,2495],"class_list":["post-26188","post","type-post","status-publish","format-standard","has-post-thumbnail","hentry","category-noticias-zeca-dirceu","tag-fevereiro","tag-reforma-politica"],"_links":{"self":[{"href":"https:\/\/teste.bsb.br\/zeca\/wp-json\/wp\/v2\/posts\/26188","targetHints":{"allow":["GET"]}}],"collection":[{"href":"https:\/\/teste.bsb.br\/zeca\/wp-json\/wp\/v2\/posts"}],"about":[{"href":"https:\/\/teste.bsb.br\/zeca\/wp-json\/wp\/v2\/types\/post"}],"author":[{"embeddable":true,"href":"https:\/\/teste.bsb.br\/zeca\/wp-json\/wp\/v2\/users\/1"}],"replies":[{"embeddable":true,"href":"https:\/\/teste.bsb.br\/zeca\/wp-json\/wp\/v2\/comments?post=26188"}],"version-history":[{"count":0,"href":"https:\/\/teste.bsb.br\/zeca\/wp-json\/wp\/v2\/posts\/26188\/revisions"}],"wp:featuredmedia":[{"embeddable":true,"href":"https:\/\/teste.bsb.br\/zeca\/wp-json\/wp\/v2\/media\/26187"}],"wp:attachment":[{"href":"https:\/\/teste.bsb.br\/zeca\/wp-json\/wp\/v2\/media?parent=26188"}],"wp:term":[{"taxonomy":"category","embeddable":true,"href":"https:\/\/teste.bsb.br\/zeca\/wp-json\/wp\/v2\/categories?post=26188"},{"taxonomy":"post_tag","embeddable":true,"href":"https:\/\/teste.bsb.br\/zeca\/wp-json\/wp\/v2\/tags?post=26188"}],"curies":[{"name":"wp","href":"https:\/\/api.w.org\/{rel}","templated":true}]}}