{"id":26166,"date":"2012-01-20T00:00:00","date_gmt":"2012-01-20T02:00:00","guid":{"rendered":"https:\/\/www.zecadirceu.com.br\/ampliado-o-prazo-para-cadastramento-de-propostas-visando-ampliacao-de-ubs\/"},"modified":"2012-01-20T00:00:00","modified_gmt":"2012-01-20T02:00:00","slug":"ampliado-o-prazo-para-cadastramento-de-propostas-visando-ampliacao-de-ubs","status":"publish","type":"post","link":"https:\/\/teste.bsb.br\/zeca\/ampliado-o-prazo-para-cadastramento-de-propostas-visando-ampliacao-de-ubs\/","title":{"rendered":"Ampliado o prazo para cadastramento de propostas visando amplia\u00e7\u00e3o de UBS"},"content":{"rendered":"<div>Comunicado do Minist&eacute;rio da Sa&uacute;de\/DAB aos prefeitos e secret&aacute;rios municipais, sobre a prorroga&ccedil;&atilde;o do prazo para cadastramento de Amplia&ccedil;&atilde;o de Unidades B&aacute;sicas de Sa&uacute;de.<\/div>\n<div>\nVale ressaltar que as UBS contempladas com a modalidade Reforma, n&atilde;o poder&atilde;o ser cadastradas para Amplia&ccedil;&atilde;o.<\/p>\n<p>Leiam o comunicado:<\/p><\/div>\n<div>&nbsp;<\/div>\n<div><em>ATEN&Ccedil;&Atilde;O<\/em><\/div>\n<div><em>&nbsp;<\/em><\/div>\n<div><em>Nova Prorroga&ccedil;&atilde;o do prazo para cadastro de pr&eacute;-proposta no Programa de Requalifica&ccedil;&atilde;o para o dia 31 de Janeiro<\/em><\/div>\n<div><em>&nbsp;<\/em><\/div>\n<div><em>Informamos que foi prorrogado o prazo para o cadastro das pr&eacute;- propostas do componente Amplia&ccedil;&atilde;o para o dia 31 de janeiro de 2012.<\/em><\/div>\n<div><em><br \/>\n<\/em><\/div>\n<div><em>Solicitamos que os munic&iacute;pios que ainda n&atilde;o fizeram suas pr&eacute;- propostas neste componente acessem o sistema do Programa de Requalifica&ccedil;&atilde;o para realiza&ccedil;&atilde;o do cadastro.<\/em><\/div>\n<div><em><br \/>\n<\/em><\/div>\n<div><em>Ap&oacute;s o cadastro das pr&eacute;- propostas, as mesmas devem ser priorizadas, impressas, assinadas pelo gestor municipal e encaminhada &agrave; CIB para homologa&ccedil;&atilde;o.<\/em><\/div>\n<div><em><br \/>\n<\/em><\/div>\n<div><em>Para efetuar o cadastramento o Munic&iacute;pio deve acessar :<\/em><\/div>\n<div><em><br \/>\n<\/em><\/div>\n<div><em>http:\/\/dab.saude.gov.br\/<\/p>\n<p><\/em><\/div>\n","protected":false},"excerpt":{"rendered":"<p>Comunicado do Minist\u00e9rio da Sa\u00fade\/DAB aos prefeitos e secret\u00e1rios municipais, sobre a prorroga\u00e7\u00e3o do prazo para cadastramento de Amplia\u00e7\u00e3o de Unidades B\u00e1sicas de Sa\u00fade.<br \/>\nVale ressaltar que as UBS contempladas com a modalidade Reforma, n\u00e3o poder\u00e3o ser cadastradas para Amplia\u00e7\u00e3o. Leiam o comunicado.<\/p>\n","protected":false},"author":1,"featured_media":26165,"comment_status":"open","ping_status":"open","sticky":false,"template":"","format":"standard","meta":{"footnotes":""},"categories":[1],"tags":[5798,5799],"class_list":["post-26166","post","type-post","status-publish","format-standard","has-post-thumbnail","hentry","category-noticias-zeca-dirceu","tag-comunicado","tag-dab"],"_links":{"self":[{"href":"https:\/\/teste.bsb.br\/zeca\/wp-json\/wp\/v2\/posts\/26166","targetHints":{"allow":["GET"]}}],"collection":[{"href":"https:\/\/teste.bsb.br\/zeca\/wp-json\/wp\/v2\/posts"}],"about":[{"href":"https:\/\/teste.bsb.br\/zeca\/wp-json\/wp\/v2\/types\/post"}],"author":[{"embeddable":true,"href":"https:\/\/teste.bsb.br\/zeca\/wp-json\/wp\/v2\/users\/1"}],"replies":[{"embeddable":true,"href":"https:\/\/teste.bsb.br\/zeca\/wp-json\/wp\/v2\/comments?post=26166"}],"version-history":[{"count":0,"href":"https:\/\/teste.bsb.br\/zeca\/wp-json\/wp\/v2\/posts\/26166\/revisions"}],"wp:featuredmedia":[{"embeddable":true,"href":"https:\/\/teste.bsb.br\/zeca\/wp-json\/wp\/v2\/media\/26165"}],"wp:attachment":[{"href":"https:\/\/teste.bsb.br\/zeca\/wp-json\/wp\/v2\/media?parent=26166"}],"wp:term":[{"taxonomy":"category","embeddable":true,"href":"https:\/\/teste.bsb.br\/zeca\/wp-json\/wp\/v2\/categories?post=26166"},{"taxonomy":"post_tag","embeddable":true,"href":"https:\/\/teste.bsb.br\/zeca\/wp-json\/wp\/v2\/tags?post=26166"}],"curies":[{"name":"wp","href":"https:\/\/api.w.org\/{rel}","templated":true}]}}