{"id":26162,"date":"2012-01-23T00:00:00","date_gmt":"2012-01-23T02:00:00","guid":{"rendered":"https:\/\/www.zecadirceu.com.br\/zeca-lembra-que-emenda-popular-aguarda-orientacao-do-ministerio-da-saude\/"},"modified":"2012-01-23T00:00:00","modified_gmt":"2012-01-23T02:00:00","slug":"zeca-lembra-que-emenda-popular-aguarda-orientacao-do-ministerio-da-saude","status":"publish","type":"post","link":"https:\/\/teste.bsb.br\/zeca\/zeca-lembra-que-emenda-popular-aguarda-orientacao-do-ministerio-da-saude\/","title":{"rendered":"Zeca lembra que Emenda Popular aguarda orienta\u00e7\u00e3o do Minist\u00e9rio da Sa\u00fade"},"content":{"rendered":"<div>A Emenda de Iniciativa Popular, apresentada pelos munic&iacute;pios com popula&ccedil;&atilde;o inferior a 50 mil habitantes, em dezembro de 2011, inclu&iacute;da no Or&ccedil;amento Geral da Uni&atilde;o de 2012, est&atilde;o em andamento. O deputado Zeca Dirceu avisa aos munic&iacute;pios que aguardem as informa&ccedil;&otilde;es, que ser&atilde;o repassadas pelo Minist&eacute;rio da Sa&uacute;de, em momento oportuno.<\/div>\n<div>&nbsp;<\/div>\n<div>As tratativas est&atilde;o sendo acompanhadas pelo deputado federal Zeca Dirceu, que j&aacute; solicitou esclarecimentos oficiais sobre o tema em quest&atilde;o. &nbsp;Todas as informa&ccedil;&otilde;es referentes &agrave; elabora&ccedil;&atilde;o de projetos, &agrave; formaliza&ccedil;&atilde;o de conv&ecirc;nios, agentes financeiros habilitados, prazos para apresenta&ccedil;&atilde;o de projetos e outras, ser&atilde;o repassadas aos munic&iacute;pios.<\/div>\n<div>&nbsp;<\/div>\n<div>Zeca relembrou que esta conquista s&oacute; foi poss&iacute;vel devido ao esfor&ccedil;o de todos os parlamentares do PT e demais parlamentares da base de apoio do Governo, que sempre defenderam a participa&ccedil;&atilde;o popular nas decis&otilde;es das pol&iacute;ticas p&uacute;blicas. &ldquo;Sempre acreditei na participa&ccedil;&atilde;o popular, cada cidad&atilde;o &eacute; um fiscalizador&rdquo;, ressaltou Zeca. Ele lembrou de quando era prefeito em Cruzeiro do Oeste e implantou o Or&ccedil;amento Participativo, atendendo anualmente as demandas apresentadas nas assembl&eacute;ias populares, permitindo que a popula&ccedil;&atilde;o opinasse no uso dos recursos p&uacute;blicos. &ldquo;Isso funcionou muito bem em Cruzeiro do Oeste, e levou desenvolvimento para o munic&iacute;pio&rdquo;, concluiu o parlamentar.<\/div>\n<div>&nbsp;<\/div>\n","protected":false},"excerpt":{"rendered":"<p>A Emenda de Iniciativa Popular, apresentada pelos munic\u00edpios com popula\u00e7\u00e3o inferior a 50 mil habitantes, em dezembro de 2011, inclu\u00edda no Or\u00e7amento Geral da Uni\u00e3o de 2012, est\u00e3o em andamento. O deputado Zeca Dirceu avisa aos munic\u00edpios que aguardem as informa\u00e7\u00f5es, que ser\u00e3o repassadas pelo Minist\u00e9rio da Sa\u00fade, em momento oportuno.<\/p>\n","protected":false},"author":1,"featured_media":26161,"comment_status":"open","ping_status":"open","sticky":false,"template":"","format":"standard","meta":{"footnotes":""},"categories":[1],"tags":[5797],"class_list":["post-26162","post","type-post","status-publish","format-standard","has-post-thumbnail","hentry","category-noticias-zeca-dirceu","tag-zeca-lembra-que-emenda-popular-aguarda-orientacao-do-ministerio-da-saude"],"_links":{"self":[{"href":"https:\/\/teste.bsb.br\/zeca\/wp-json\/wp\/v2\/posts\/26162","targetHints":{"allow":["GET"]}}],"collection":[{"href":"https:\/\/teste.bsb.br\/zeca\/wp-json\/wp\/v2\/posts"}],"about":[{"href":"https:\/\/teste.bsb.br\/zeca\/wp-json\/wp\/v2\/types\/post"}],"author":[{"embeddable":true,"href":"https:\/\/teste.bsb.br\/zeca\/wp-json\/wp\/v2\/users\/1"}],"replies":[{"embeddable":true,"href":"https:\/\/teste.bsb.br\/zeca\/wp-json\/wp\/v2\/comments?post=26162"}],"version-history":[{"count":0,"href":"https:\/\/teste.bsb.br\/zeca\/wp-json\/wp\/v2\/posts\/26162\/revisions"}],"wp:featuredmedia":[{"embeddable":true,"href":"https:\/\/teste.bsb.br\/zeca\/wp-json\/wp\/v2\/media\/26161"}],"wp:attachment":[{"href":"https:\/\/teste.bsb.br\/zeca\/wp-json\/wp\/v2\/media?parent=26162"}],"wp:term":[{"taxonomy":"category","embeddable":true,"href":"https:\/\/teste.bsb.br\/zeca\/wp-json\/wp\/v2\/categories?post=26162"},{"taxonomy":"post_tag","embeddable":true,"href":"https:\/\/teste.bsb.br\/zeca\/wp-json\/wp\/v2\/tags?post=26162"}],"curies":[{"name":"wp","href":"https:\/\/api.w.org\/{rel}","templated":true}]}}