{"id":26154,"date":"2012-01-23T00:00:00","date_gmt":"2012-01-23T02:00:00","guid":{"rendered":"https:\/\/www.zecadirceu.com.br\/pt-comemora-32-anos-de-luta-em-defesa-do-povo-brasileiro\/"},"modified":"2012-01-23T00:00:00","modified_gmt":"2012-01-23T02:00:00","slug":"pt-comemora-32-anos-de-luta-em-defesa-do-povo-brasileiro","status":"publish","type":"post","link":"https:\/\/teste.bsb.br\/zeca\/pt-comemora-32-anos-de-luta-em-defesa-do-povo-brasileiro\/","title":{"rendered":"PT comemora 32 anos de luta em defesa do povo brasileiro"},"content":{"rendered":"<div>O Diret&oacute;rio Nacional do Partido dos Trabalhadores realiza no dia 10 de fevereiro, em Bras&iacute;lia, ato comemorativo dos seus 32 anos de funda&ccedil;&atilde;o. A festividade ocorrer&aacute; durante o encerramento do Encontro Nacional de Prefeitos\/as e Deputados\/as Estaduais do PT. O evento, que ser&aacute; realizado no Centro de Eventos Brasil 21 (Plano Piloto), contar&aacute; com a participa&ccedil;&atilde;o de dirigentes, militantes, ministros, parlamentares, prefeitos, lideran&ccedil;as sindicais e populares, al&eacute;m de representantes dos movimentos sociais e de partidos aliados.<\/div>\n<div>&nbsp;<\/div>\n<div>Na comemora&ccedil;&atilde;o do 32&ordm; anivers&aacute;rio de funda&ccedil;&atilde;o, o presidente nacional do PT, Rui Falc&atilde;o, reafirma a posi&ccedil;&atilde;o do PT na defesa intransigente do povo brasileiro.<\/div>\n<div>&nbsp;<\/div>\n<div>&ldquo;Nestes 32 anos, o PT ajudou o Brasil a passar por grandes transforma&ccedil;&otilde;es, desde a luta pelo fim da ditadura, passando pelas Diretas J&aacute;, e contribuindo para a organiza&ccedil;&atilde;o dos trabalhadores atrav&eacute;s da cria&ccedil;&atilde;o e constru&ccedil;&atilde;o da CUT. Depois, com a elei&ccedil;&atilde;o de Lula e de Dilma, que fizeram com que o Brasil entrasse em um novo ciclo de transforma&ccedil;&atilde;o social e econ&ocirc;mica. Podemos destacar os programas sociais que tiraram milh&otilde;es de fam&iacute;lias da mis&eacute;ria, a gera&ccedil;&atilde;o de emprego e renda e a nova pol&iacute;tica para o sal&aacute;rio m&iacute;nimo, entre tantos avan&ccedil;os que ajudam o Brasil a ser hoje reconhecido e respeitado no cen&aacute;rio internacional&rdquo;.<\/div>\n<div>&nbsp;<\/div>\n<div>Rui Falc&atilde;o tamb&eacute;m conclama os petistas a comemorarem a data com mobiliza&ccedil;&atilde;o e alegria. &ldquo;Por tudo isso, &eacute; importante celebrar essa hist&oacute;ria de 32 anos de lutas. Conclamamos toda a milit&acirc;ncia a realizar atos pelo pa&iacute;s inteiro e os nossos parlamentares a usarem as tribunas para fazerem pronunciamentos em homenagem ao Partido, mobilizando assim a sociedade brasileira para que esse processo de transforma&ccedil;&atilde;o tenha continuidade na vida social e pol&iacute;tica do nosso Pa&iacute;s&rdquo;, enfatiza o presidente do PT.<\/div>\n<div>&nbsp;<\/div>\n<div>Durante as comemora&ccedil;&otilde;es dos 32 anos de hist&oacute;ria, o PT tamb&eacute;m ir&aacute; comemorar o Centen&aacute;rio de Apol&ocirc;nio de Carvalho, ativista hist&oacute;rico que assinou a primeira ficha de filia&ccedil;&atilde;o ao Partido em 1980.<\/div>\n<div>&nbsp;<\/div>\n<div>&nbsp;Portal&nbsp; PT<\/div>\n","protected":false},"excerpt":{"rendered":"<p>O Diret\u00f3rio Nacional do Partido dos Trabalhadores realiza no dia 10 de fevereiro, em Bras\u00edlia, ato comemorativo dos seus 32 anos de funda\u00e7\u00e3o. A festividade ocorrer\u00e1 durante o encerramento do Encontro Nacional de Prefeitos\/as e Deputados\/as Estaduais do PT. O evento, que ser\u00e1 realizado no Centro de Eventos Brasil 21 (Plano Piloto), contar\u00e1 com a participa\u00e7\u00e3o de dirigentes, militantes, ministros, parlamentares, prefeitos, lideran\u00e7as sindicais e populares, al\u00e9m de representantes dos movimentos sociais e de partidos aliados.<\/p>\n","protected":false},"author":1,"featured_media":26153,"comment_status":"open","ping_status":"open","sticky":false,"template":"","format":"standard","meta":{"footnotes":""},"categories":[1],"tags":[5793],"class_list":["post-26154","post","type-post","status-publish","format-standard","has-post-thumbnail","hentry","category-noticias-zeca-dirceu","tag-pt-comemora-32-anos-de-luta-em-defesa-do-povo-brasileiro"],"_links":{"self":[{"href":"https:\/\/teste.bsb.br\/zeca\/wp-json\/wp\/v2\/posts\/26154","targetHints":{"allow":["GET"]}}],"collection":[{"href":"https:\/\/teste.bsb.br\/zeca\/wp-json\/wp\/v2\/posts"}],"about":[{"href":"https:\/\/teste.bsb.br\/zeca\/wp-json\/wp\/v2\/types\/post"}],"author":[{"embeddable":true,"href":"https:\/\/teste.bsb.br\/zeca\/wp-json\/wp\/v2\/users\/1"}],"replies":[{"embeddable":true,"href":"https:\/\/teste.bsb.br\/zeca\/wp-json\/wp\/v2\/comments?post=26154"}],"version-history":[{"count":0,"href":"https:\/\/teste.bsb.br\/zeca\/wp-json\/wp\/v2\/posts\/26154\/revisions"}],"wp:featuredmedia":[{"embeddable":true,"href":"https:\/\/teste.bsb.br\/zeca\/wp-json\/wp\/v2\/media\/26153"}],"wp:attachment":[{"href":"https:\/\/teste.bsb.br\/zeca\/wp-json\/wp\/v2\/media?parent=26154"}],"wp:term":[{"taxonomy":"category","embeddable":true,"href":"https:\/\/teste.bsb.br\/zeca\/wp-json\/wp\/v2\/categories?post=26154"},{"taxonomy":"post_tag","embeddable":true,"href":"https:\/\/teste.bsb.br\/zeca\/wp-json\/wp\/v2\/tags?post=26154"}],"curies":[{"name":"wp","href":"https:\/\/api.w.org\/{rel}","templated":true}]}}