{"id":26152,"date":"2012-01-24T00:00:00","date_gmt":"2012-01-24T02:00:00","guid":{"rendered":"https:\/\/www.zecadirceu.com.br\/presidenta-anuncia-que-acoes-do-governo-serao-monitoradas-em-tempo-real\/"},"modified":"2012-01-24T00:00:00","modified_gmt":"2012-01-24T02:00:00","slug":"presidenta-anuncia-que-acoes-do-governo-serao-monitoradas-em-tempo-real","status":"publish","type":"post","link":"https:\/\/teste.bsb.br\/zeca\/presidenta-anuncia-que-acoes-do-governo-serao-monitoradas-em-tempo-real\/","title":{"rendered":"Presidenta anuncia que a\u00e7\u00f5es do governo ser\u00e3o monitoradas em tempo real"},"content":{"rendered":"<p>Na primeira reuni&atilde;o ministerial do ano, a presidenta Dilma Rousseff anunciou a cria&ccedil;&atilde;o de um sistema de monitoramento de todos os programas do governo federal. Segundo o porta-voz Thomas Traumann, aos ministros e auxiliares presentes ao encontro no Pal&aacute;cio do Planalto, a presidenta determinou que os minist&eacute;rios apresentem at&eacute; junho um sistema que permita o acompanhamento de suas a&ccedil;&otilde;es. O monitoramento ser&aacute; feito online e, preferencialmente, em tempo real.<\/p>\n<p>De acordo com o porta-voz, a presidenta Dilma explicou aos ministros que as medidas fazem parte do modelo de desenvolvimento iniciado em 2003 com a inclus&atilde;o de milh&otilde;es de brasileiros na classe m&eacute;dia e o aumento da exig&ecirc;ncia por qualidade dos servi&ccedil;os p&uacute;blicos.<\/p>\n<p>&ldquo;O monitoramento das a&ccedil;&otilde;es do governo &eacute; parte de um projeto revolucion&aacute;rio, progressista e absolutamente indispens&aacute;vel para a verdadeira reforma do Estado, n&atilde;o atrav&eacute;s da demiss&atilde;o de servidores ou da perda de direitos previdenci&aacute;rios, mas atrav&eacute;s da gest&atilde;o de um Estado mais profissional e meritocr&aacute;tico&rdquo;, definiu a presidenta Dilma.<\/p>\n<p>Na reuni&atilde;o ministerial, o presidente do Banco Central, Alexandre Tombini, e o ministro da Fazenda, Guido Mantega, fizeram uma apresenta&ccedil;&atilde;o sobre a situa&ccedil;&atilde;o econ&ocirc;mica internacional e seus reflexos no Brasil.<\/p>\n<p>Tombini, segundo o porta-voz da Presid&ecirc;ncia, afirmou que o crescimento do PIB brasileiro deve acelerar ao longo de 2012, &ldquo;sobretudo no segundo semestre&rdquo;, com a infla&ccedil;&atilde;o em trajet&oacute;ria descendente rumo ao centro da meta. J&aacute; o ministro Mantega acrescentou que o Brasil ser&aacute; um dos poucos pa&iacute;ses do mundo que crescer&aacute; acima da taxa registrada no ano passado. <\/p>\n<p>Blog do Planalto<\/p>\n","protected":false},"excerpt":{"rendered":"<p>Na primeira reuni\u00e3o ministerial do ano, a presidenta Dilma Rousseff anunciou a cria\u00e7\u00e3o de um sistema de monitoramento de todos os programas do governo federal. Segundo o porta-voz Thomas Traumann, aos ministros e auxiliares presentes ao encontro no Pal\u00e1cio do Planalto, a presidenta determinou que os minist\u00e9rios apresentem at\u00e9 junho um sistema que permita o acompanhamento de suas a\u00e7\u00f5es. O monitoramento ser\u00e1 feito online e, preferencialmente, em tempo real.<\/p>\n","protected":false},"author":1,"featured_media":26151,"comment_status":"open","ping_status":"open","sticky":false,"template":"","format":"standard","meta":{"footnotes":""},"categories":[1],"tags":[5791,5792],"class_list":["post-26152","post","type-post","status-publish","format-standard","has-post-thumbnail","hentry","category-noticias-zeca-dirceu","tag-em-reuniao-ministerial","tag-presidenta-anuncia-que-acoes-do-governo-serao-monitoradas-em-tempo"],"_links":{"self":[{"href":"https:\/\/teste.bsb.br\/zeca\/wp-json\/wp\/v2\/posts\/26152","targetHints":{"allow":["GET"]}}],"collection":[{"href":"https:\/\/teste.bsb.br\/zeca\/wp-json\/wp\/v2\/posts"}],"about":[{"href":"https:\/\/teste.bsb.br\/zeca\/wp-json\/wp\/v2\/types\/post"}],"author":[{"embeddable":true,"href":"https:\/\/teste.bsb.br\/zeca\/wp-json\/wp\/v2\/users\/1"}],"replies":[{"embeddable":true,"href":"https:\/\/teste.bsb.br\/zeca\/wp-json\/wp\/v2\/comments?post=26152"}],"version-history":[{"count":0,"href":"https:\/\/teste.bsb.br\/zeca\/wp-json\/wp\/v2\/posts\/26152\/revisions"}],"wp:featuredmedia":[{"embeddable":true,"href":"https:\/\/teste.bsb.br\/zeca\/wp-json\/wp\/v2\/media\/26151"}],"wp:attachment":[{"href":"https:\/\/teste.bsb.br\/zeca\/wp-json\/wp\/v2\/media?parent=26152"}],"wp:term":[{"taxonomy":"category","embeddable":true,"href":"https:\/\/teste.bsb.br\/zeca\/wp-json\/wp\/v2\/categories?post=26152"},{"taxonomy":"post_tag","embeddable":true,"href":"https:\/\/teste.bsb.br\/zeca\/wp-json\/wp\/v2\/tags?post=26152"}],"curies":[{"name":"wp","href":"https:\/\/api.w.org\/{rel}","templated":true}]}}