{"id":26146,"date":"2012-01-24T00:00:00","date_gmt":"2012-01-24T02:00:00","guid":{"rendered":"https:\/\/www.zecadirceu.com.br\/acontece-cerimonia-de-posse-de-ministros-da-educacao-e-ciencia-e-tecnologia\/"},"modified":"2012-01-24T00:00:00","modified_gmt":"2012-01-24T02:00:00","slug":"acontece-cerimonia-de-posse-de-ministros-da-educacao-e-ciencia-e-tecnologia","status":"publish","type":"post","link":"https:\/\/teste.bsb.br\/zeca\/acontece-cerimonia-de-posse-de-ministros-da-educacao-e-ciencia-e-tecnologia\/","title":{"rendered":"Acontece cerim\u00f4nia de posse de ministros da Educa\u00e7\u00e3o e Ciencia e Tecnologia"},"content":{"rendered":"<p>A primeira troca ministerial de 2012 do governo Dilma Rousseff ser&aacute; efetivada na tarde desta ter&ccedil;a-feira (15) com a posse, de Aloizio Mercadante no Minist&eacute;rio da Educa&ccedil;&atilde;o e de Marco Antonio Raupp para o Minist&eacute;rio de Ci&ecirc;ncia e Tecnologia.<\/p>\n<p>A mudan&ccedil;a ocorre por causa da sa&iacute;da do governo de Fernando Haddad, que deixa a pasta da Educa&ccedil;&atilde;o para disputar a Prefeitura de S&atilde;o Paulo. Atual presidente da Ag&ecirc;ncia Espacial Brasileira, Raupp assume pasta at&eacute; ent&atilde;o ocupada por Mercadante durante o primeiro ano de governo da presidente Dilma.<\/p>\n<p>De acordo com o Planatlo, a posse ter&aacute; discursos de Haddad, Mercadante, Raupp e Dilma. Nesta segunda (4), os tr&ecirc;s auxiliares da presidente estiveram presentes &agrave; cerim&ocirc;nia em comemora&ccedil;&atilde;o a marca de 1 milh&atilde;o de bolsas concedidas pelo Prouni (Programa Universidade para Todos). Eles tamb&eacute;m participaram da primeira reuni&atilde;o ministerial do ano.<br \/>\n&nbsp;<br \/>\nFalhas no Enem n&atilde;o v&atilde;o prejudicar campanha em SP, diz HaddadEm cerim&ocirc;nia de despedida, Dilma elogia gest&atilde;o de Haddad na Educa&ccedil;&atilde;oGoverno anuncia Mercadante em substitui&ccedil;&atilde;o a Haddad na Educa&ccedil;&atilde;o A posse ser&aacute; no Sal&atilde;o Nobre do Pal&aacute;cio do Planalto e contar&aacute; com a presen&ccedil;a do ex-presidente Luiz In&aacute;cio Lula da Silva. Apesar de estar em tratamento contra um c&acirc;ncer na laringe, ele decidiu se deslocar de S&atilde;o Paulo a Bras&iacute;lia para prestigiar o evento.<\/p>\n<p>Haddad assumiu o cargo de ministro da Educa&ccedil;&atilde;o no governo Lula e permaneceu na fun&ccedil;&atilde;o no primeiro ano de governo de Dilma. O ex-presidente foi o principal articulador de sua candidatura nestas elei&ccedil;&otilde;es. J&aacute; Mercadante foi l&iacute;der do PT no Senado nos dois &uacute;ltimos anos de mandato do ex-presidente.<\/p>\n<p>Por meio da assessoria de imprensa, o Instituto Lula informou que o ex-presidente retorna a S&atilde;o Paulo ainda na noite desta ter&ccedil;a, pois na quarta-feira (25) ter&aacute; outra sess&atilde;o de radioterapia pela manh&atilde;.<\/p>\n<p>Biografias<br \/>\nEscolhido por Dilma para substituir Mercadante, Marco Antonio Raupp tem um perfil estritamente t&eacute;cnico. Diretor da Ag&ecirc;ncia Espacial Brasileira desde mar&ccedil;o de 2011, Raupp &eacute; graduado em f&iacute;sica pela Universidade Federal do Rio Grande do Sul, &eacute; PhD em matem&aacute;tica pela Universidade de Chicago e livre-docente pela Universidade de S&atilde;o Paulo (USP).<\/p>\n<p>J&aacute; Mercadante &eacute; formado em economia pela Universidade de S&atilde;o Paulo (USP) e mestre pela Universidade de Campinas (Unicamp). Est&aacute; licenciado do cargo de professor na Pontif&iacute;cia Universidade Cat&oacute;lica de S&atilde;o Paulo (PUC-SP) e na Unicamp.<\/p>\n<p>Como ministro de Ci&ecirc;ncia e Tecnologia do governo Dilma, ele defendeu a capacita&ccedil;&atilde;o no exterior de estudantes brasileiros e a abertura de vagas em concursos p&uacute;blicos para profissionais estrangeiros.<\/p>\n<p>Considerado pelo Planalto um ministro &quot;dedicado&quot;, Mercadante lan&ccedil;ou em julho de 2011 o programa Ci&ecirc;ncia sem Fronteiras, que prev&ecirc; a concess&atilde;o de 100 mil bolsas de estudos nas principais universidades do exterior para estudantes, desde o n&iacute;vel m&eacute;dio ao p&oacute;s-doutorado. A gest&atilde;o do ministro &agrave; frente do Minist&eacute;rio de Ci&ecirc;ncia e Tecnologia foi marcada ainda pelas negocia&ccedil;&otilde;es para a fabrica&ccedil;&atilde;o no Brasil de tablets e smartphones.<br \/>\n&nbsp;<\/p>\n","protected":false},"excerpt":{"rendered":"<p>A primeira troca ministerial de 2012 do governo Dilma Rousseff ser\u00e1 efetivada na tarde desta ter\u00e7a-feira (15) com a posse, de Aloizio Mercadante no Minist\u00e9rio da Educa\u00e7\u00e3o e de Marco Antonio Raupp para o Minist\u00e9rio de Ci\u00eancia e Tecnologia.<\/p>\n<p>A mudan\u00e7a ocorre por causa da sa\u00edda do governo de Fernando Haddad, que deixa a pasta da Educa\u00e7\u00e3o para disputar a Prefeitura de S\u00e3o Paulo. Atual presidente da Ag\u00eancia Espacial Brasileira, Raupp assume pasta at\u00e9 ent\u00e3o ocupada por Mercadante durante o primeiro ano de governo da presidente Dilma.<\/p>\n","protected":false},"author":1,"featured_media":26145,"comment_status":"open","ping_status":"open","sticky":false,"template":"","format":"standard","meta":{"footnotes":""},"categories":[1],"tags":[5789],"class_list":["post-26146","post","type-post","status-publish","format-standard","has-post-thumbnail","hentry","category-noticias-zeca-dirceu","tag-cerimonia-de-posse-de-ministros-da-educacao-e-ciencia-e-tecnologia"],"_links":{"self":[{"href":"https:\/\/teste.bsb.br\/zeca\/wp-json\/wp\/v2\/posts\/26146","targetHints":{"allow":["GET"]}}],"collection":[{"href":"https:\/\/teste.bsb.br\/zeca\/wp-json\/wp\/v2\/posts"}],"about":[{"href":"https:\/\/teste.bsb.br\/zeca\/wp-json\/wp\/v2\/types\/post"}],"author":[{"embeddable":true,"href":"https:\/\/teste.bsb.br\/zeca\/wp-json\/wp\/v2\/users\/1"}],"replies":[{"embeddable":true,"href":"https:\/\/teste.bsb.br\/zeca\/wp-json\/wp\/v2\/comments?post=26146"}],"version-history":[{"count":0,"href":"https:\/\/teste.bsb.br\/zeca\/wp-json\/wp\/v2\/posts\/26146\/revisions"}],"wp:featuredmedia":[{"embeddable":true,"href":"https:\/\/teste.bsb.br\/zeca\/wp-json\/wp\/v2\/media\/26145"}],"wp:attachment":[{"href":"https:\/\/teste.bsb.br\/zeca\/wp-json\/wp\/v2\/media?parent=26146"}],"wp:term":[{"taxonomy":"category","embeddable":true,"href":"https:\/\/teste.bsb.br\/zeca\/wp-json\/wp\/v2\/categories?post=26146"},{"taxonomy":"post_tag","embeddable":true,"href":"https:\/\/teste.bsb.br\/zeca\/wp-json\/wp\/v2\/tags?post=26146"}],"curies":[{"name":"wp","href":"https:\/\/api.w.org\/{rel}","templated":true}]}}