{"id":26140,"date":"2012-01-25T00:00:00","date_gmt":"2012-01-25T02:00:00","guid":{"rendered":"https:\/\/www.zecadirceu.com.br\/predios-publicos-do-parana-serao-adaptados-a-deficientes\/"},"modified":"2012-01-25T00:00:00","modified_gmt":"2012-01-25T02:00:00","slug":"predios-publicos-do-parana-serao-adaptados-a-deficientes","status":"publish","type":"post","link":"https:\/\/teste.bsb.br\/zeca\/predios-publicos-do-parana-serao-adaptados-a-deficientes\/","title":{"rendered":"Pr\u00e9dios p\u00fablicos do Paran\u00e1 ser\u00e3o adaptados a deficientes"},"content":{"rendered":"<p>Um diagn&oacute;stico das condi&ccedil;&otilde;es de acessibilidade dos pr&eacute;dios p&uacute;blicos da administra&ccedil;&atilde;o do Paran&aacute; deve come&ccedil;ar nesta semana. O an&uacute;ncio foi feito na noite desta ter&ccedil;a-feira (24), depois de encontro do grupo Ponto Focal de Atendimento. Esse grupo tem a responsabilidade de definir a&ccedil;&otilde;es de aten&ccedil;&atilde;o especial &agrave; pessoa com defici&ecirc;ncia.<br \/>\nsaiba mais<br \/>\n&nbsp;&nbsp; <br \/>\nDe acordo com a nota oficial, o Ponto Focal &eacute; &ldquo;formado por representantes de todas as secretarias e &oacute;rg&atilde;os vinculados ao governo, do Conselho Estadual dos Direitos da Pessoa Portadora de Defici&ecirc;ncia (Coede) e de entidades do setor&rdquo;. A partir do levantamento deve tamb&eacute;m sair um cronograma de adequa&ccedil;&otilde;es.<\/p>\n<p>A ambi&ccedil;&atilde;o do vice-governador Flavio Arns &eacute; de transformar o Paran&aacute; uma &ldquo;refer&ecirc;ncia em acessibilidade, um tema que afeta diretamente milh&otilde;es &#91;de pessoas no estado]&rdquo;. Ele tamb&eacute;m promete que &ldquo;at&eacute; o fim da gest&atilde;o, os pr&eacute;dios estejam adequados&rdquo;.<\/p>\n<p>De acordo com a secret&aacute;ria da Justi&ccedil;a, Maria Tereza Uille Gomes, o governo vai &ldquo;dar tratamento especial &agrave; pessoa com defici&ecirc;ncia. H&aacute; barreiras arquitet&ocirc;nicas e de comunica&ccedil;&atilde;o que precisamos resolver a partir da elabora&ccedil;&atilde;o de pol&iacute;ticas p&uacute;blicas claras&rdquo;.<\/p>\n<p>Apesar dos esfor&ccedil;os do governo do Paran&aacute;, a lei sobre acessibilidade em pr&eacute;dios p&uacute;blicos &eacute; federal, do ano 2000, j&aacute; normatizada pela ABNT<\/p>\n","protected":false},"excerpt":{"rendered":"<p>Um diagn\u00f3stico das condi\u00e7\u00f5es de acessibilidade dos pr\u00e9dios p\u00fablicos da administra\u00e7\u00e3o do Paran\u00e1 deve come\u00e7ar nesta semana. O an\u00fancio foi feito na noite desta ter\u00e7a-feira (24), depois de encontro do grupo Ponto Focal de Atendimento. Esse grupo tem a responsabilidade de definir a\u00e7\u00f5es de aten\u00e7\u00e3o especial \u00e0 pessoa com defici\u00eancia.<br \/>\nsaiba mais<\/p>\n","protected":false},"author":1,"featured_media":26139,"comment_status":"open","ping_status":"open","sticky":false,"template":"","format":"standard","meta":{"footnotes":""},"categories":[1],"tags":[5786],"class_list":["post-26140","post","type-post","status-publish","format-standard","has-post-thumbnail","hentry","category-noticias-zeca-dirceu","tag-predios-publicos-adaptados-a-deficientes"],"_links":{"self":[{"href":"https:\/\/teste.bsb.br\/zeca\/wp-json\/wp\/v2\/posts\/26140","targetHints":{"allow":["GET"]}}],"collection":[{"href":"https:\/\/teste.bsb.br\/zeca\/wp-json\/wp\/v2\/posts"}],"about":[{"href":"https:\/\/teste.bsb.br\/zeca\/wp-json\/wp\/v2\/types\/post"}],"author":[{"embeddable":true,"href":"https:\/\/teste.bsb.br\/zeca\/wp-json\/wp\/v2\/users\/1"}],"replies":[{"embeddable":true,"href":"https:\/\/teste.bsb.br\/zeca\/wp-json\/wp\/v2\/comments?post=26140"}],"version-history":[{"count":0,"href":"https:\/\/teste.bsb.br\/zeca\/wp-json\/wp\/v2\/posts\/26140\/revisions"}],"wp:featuredmedia":[{"embeddable":true,"href":"https:\/\/teste.bsb.br\/zeca\/wp-json\/wp\/v2\/media\/26139"}],"wp:attachment":[{"href":"https:\/\/teste.bsb.br\/zeca\/wp-json\/wp\/v2\/media?parent=26140"}],"wp:term":[{"taxonomy":"category","embeddable":true,"href":"https:\/\/teste.bsb.br\/zeca\/wp-json\/wp\/v2\/categories?post=26140"},{"taxonomy":"post_tag","embeddable":true,"href":"https:\/\/teste.bsb.br\/zeca\/wp-json\/wp\/v2\/tags?post=26140"}],"curies":[{"name":"wp","href":"https:\/\/api.w.org\/{rel}","templated":true}]}}